{"id":9529,"date":"2026-03-15T07:34:58","date_gmt":"2026-03-15T06:34:58","guid":{"rendered":"https:\/\/4lo.kielce.eu\/?p=9529"},"modified":"2026-03-15T09:25:13","modified_gmt":"2026-03-15T08:25:13","slug":"wyroznienie-w-xiv-ogolnopolskim-konkursie-poetyckim-im-lukasza-uniejewskiego","status":"publish","type":"post","link":"https:\/\/4lo.kielce.eu\/index.php\/2026\/03\/15\/wyroznienie-w-xiv-ogolnopolskim-konkursie-poetyckim-im-lukasza-uniejewskiego\/","title":{"rendered":"Wyr\u00f3\u017cnienie w XIV Og\u00f3lnopolskim Konkursie Poetyckim im. \u0141ukasza Uniejewskiego"},"content":{"rendered":"\n<p class=\"has-text-align-center\">Uczennica klasy 3D Patrycja otrzyma\u0142a wyr\u00f3\u017cnienie w og\u00f3lnopolskim konkursie, w kt\u00f3rym wzi\u0119\u0142o udzia\u0142 ponad 60 uczestnik\u00f3w ze szk\u00f3\u0142 \u015brednich. Gala fina\u0142owa mia\u0142a miejsce 10 marca 2026 roku w Domu Kultury we W\u0142oszczowie. Zadaniem m\u0142odych poet\u00f3w by\u0142o napisanie dw\u00f3ch wierszy na dowolny temat.<\/p>\n\n\n\n<p class=\"has-text-align-center\">&#8222;Przeci\u0119to nitk\u0119&#8221; i &#8222;Zorza polarna&#8221; to dwa utwory Patrycji, kt\u00f3re zdoby\u0142y uznanie jury.<\/p>\n\n\n\n<p class=\"has-text-align-center\">Gratulujemy \ud83d\ude42 <\/p>\n\n\n\n<div class=\"wp-block-columns is-layout-flex wp-container-core-columns-is-layout-9d6595d7 wp-block-columns-is-layout-flex\">\n<div class=\"wp-block-column is-layout-flow wp-block-column-is-layout-flow\">\n<figure class=\"wp-block-image size-full\"><img loading=\"lazy\" decoding=\"async\" width=\"264\" height=\"705\" src=\"https:\/\/4lo.kielce.eu\/wp-content\/uploads\/2026\/03\/Zrzut-ekranu-2026-03-15-070611.png\" alt=\"\" class=\"wp-image-9530\" srcset=\"https:\/\/4lo.kielce.eu\/wp-content\/uploads\/2026\/03\/Zrzut-ekranu-2026-03-15-070611.png 264w, https:\/\/4lo.kielce.eu\/wp-content\/uploads\/2026\/03\/Zrzut-ekranu-2026-03-15-070611-112x300.png 112w\" sizes=\"auto, (max-width: 264px) 100vw, 264px\" \/><\/figure>\n<\/div>\n\n\n\n<div class=\"wp-block-column is-layout-flow wp-block-column-is-layout-flow\">\n<figure class=\"wp-block-image size-full\"><img loading=\"lazy\" decoding=\"async\" width=\"407\" height=\"710\" src=\"https:\/\/4lo.kielce.eu\/wp-content\/uploads\/2026\/03\/Zrzut-ekranu-2026-03-15-071111.png\" alt=\"\" class=\"wp-image-9531\" srcset=\"https:\/\/4lo.kielce.eu\/wp-content\/uploads\/2026\/03\/Zrzut-ekranu-2026-03-15-071111.png 407w, https:\/\/4lo.kielce.eu\/wp-content\/uploads\/2026\/03\/Zrzut-ekranu-2026-03-15-071111-172x300.png 172w\" sizes=\"auto, (max-width: 407px) 100vw, 407px\" \/><\/figure>\n<\/div>\n<\/div>\n\n\n\n<div class=\"wp-block-columns is-layout-flex wp-container-core-columns-is-layout-9d6595d7 wp-block-columns-is-layout-flex\">\n<div class=\"wp-block-column is-layout-flow wp-block-column-is-layout-flow\" style=\"flex-basis:25%\"><\/div>\n\n\n\n<div class=\"wp-block-column is-layout-flow wp-block-column-is-layout-flow\" style=\"flex-basis:50%\">\n<figure class=\"wp-block-image size-full\"><img loading=\"lazy\" decoding=\"async\" width=\"483\" height=\"691\" src=\"https:\/\/4lo.kielce.eu\/wp-content\/uploads\/2026\/03\/PC.png\" alt=\"\" class=\"wp-image-9532\" srcset=\"https:\/\/4lo.kielce.eu\/wp-content\/uploads\/2026\/03\/PC.png 483w, https:\/\/4lo.kielce.eu\/wp-content\/uploads\/2026\/03\/PC-210x300.png 210w\" sizes=\"auto, (max-width: 483px) 100vw, 483px\" \/><\/figure>\n<\/div>\n\n\n\n<div class=\"wp-block-column is-layout-flow wp-block-column-is-layout-flow\" style=\"flex-basis:25%\"><\/div>\n<\/div>\n","protected":false},"excerpt":{"rendered":"<p>Wyr\u00f3\u017cnienie w XIV Og\u00f3lnopolskim Konkursie Poetyckim im. \u0141ukasza Uniejewskiego<\/p>\n","protected":false},"author":27,"featured_media":9544,"comment_status":"closed","ping_status":"","sticky":false,"template":"","format":"standard","meta":{"footnotes":""},"categories":[1],"tags":[],"class_list":["post-9529","post","type-post","status-publish","format-standard","has-post-thumbnail","hentry","category-bez-kategorii"],"_links":{"self":[{"href":"https:\/\/4lo.kielce.eu\/index.php\/wp-json\/wp\/v2\/posts\/9529","targetHints":{"allow":["GET"]}}],"collection":[{"href":"https:\/\/4lo.kielce.eu\/index.php\/wp-json\/wp\/v2\/posts"}],"about":[{"href":"https:\/\/4lo.kielce.eu\/index.php\/wp-json\/wp\/v2\/types\/post"}],"author":[{"embeddable":true,"href":"https:\/\/4lo.kielce.eu\/index.php\/wp-json\/wp\/v2\/users\/27"}],"replies":[{"embeddable":true,"href":"https:\/\/4lo.kielce.eu\/index.php\/wp-json\/wp\/v2\/comments?post=9529"}],"version-history":[{"count":3,"href":"https:\/\/4lo.kielce.eu\/index.php\/wp-json\/wp\/v2\/posts\/9529\/revisions"}],"predecessor-version":[{"id":9542,"href":"https:\/\/4lo.kielce.eu\/index.php\/wp-json\/wp\/v2\/posts\/9529\/revisions\/9542"}],"wp:featuredmedia":[{"embeddable":true,"href":"https:\/\/4lo.kielce.eu\/index.php\/wp-json\/wp\/v2\/media\/9544"}],"wp:attachment":[{"href":"https:\/\/4lo.kielce.eu\/index.php\/wp-json\/wp\/v2\/media?parent=9529"}],"wp:term":[{"taxonomy":"category","embeddable":true,"href":"https:\/\/4lo.kielce.eu\/index.php\/wp-json\/wp\/v2\/categories?post=9529"},{"taxonomy":"post_tag","embeddable":true,"href":"https:\/\/4lo.kielce.eu\/index.php\/wp-json\/wp\/v2\/tags?post=9529"}],"curies":[{"name":"wp","href":"https:\/\/api.w.org\/{rel}","templated":true}]}}