{"id":9515,"date":"2026-03-06T14:59:06","date_gmt":"2026-03-06T13:59:06","guid":{"rendered":"https:\/\/4lo.kielce.eu\/?p=9515"},"modified":"2026-03-06T15:16:37","modified_gmt":"2026-03-06T14:16:37","slug":"sukces-iv-lo-na-debatach-oksfordzkich","status":"publish","type":"post","link":"https:\/\/4lo.kielce.eu\/index.php\/2026\/03\/06\/sukces-iv-lo-na-debatach-oksfordzkich\/","title":{"rendered":"Sukces IV LO na DEBATACH OKSFORDZKICH"},"content":{"rendered":"\n<p class=\"has-text-align-center\">W czwartek 5 marca reprezentacja naszej Szko\u0142y wzi\u0119\u0142a udzia\u0142  w turnieju debat oksfordzkich i po kilkugodzinnych zmaganiach z dru\u017cynami innych kieleckich lice\u00f3w zakwalifikowa\u0142a si\u0119 do og\u00f3lnopolskiego fina\u0142u organizowanego przez Szko\u0142\u0119 G\u0142\u00f3wn\u0105 Handlow\u0105 w Warszawie.  <\/p>\n\n\n\n<p class=\"has-text-align-center\">Debata odbywa\u0142a si\u0119 wed\u0142ug precyzyjnie okre\u015blonych regu\u0142 i wymaga\u0142a ogromnego nak\u0142adu pracy i koncentracji. <\/p>\n\n\n\n<p class=\"has-text-align-center\">Sk\u0142ad dru\u017cyny to: <strong>Amelia A.<\/strong> z 4D, <strong>Sandra W.<\/strong> z 4D, <strong>Anna D.<\/strong> z 3G i <strong>Aleksander M.<\/strong> z 4E.<\/p>\n\n\n\n<p class=\"has-text-align-center\">Zwyci\u0119zcom gratulujemy i \u017cyczymy sukcesu w fina\u0142owych debatach.<\/p>\n\n\n\n<div class=\"wp-block-columns is-layout-flex wp-container-core-columns-is-layout-9d6595d7 wp-block-columns-is-layout-flex\">\n<div class=\"wp-block-column is-layout-flow wp-block-column-is-layout-flow\">\n<figure class=\"wp-block-image size-large\"><img loading=\"lazy\" decoding=\"async\" width=\"1024\" height=\"768\" src=\"https:\/\/4lo.kielce.eu\/wp-content\/uploads\/2026\/03\/2-1024x768.jpg\" alt=\"\" class=\"wp-image-9516\" srcset=\"https:\/\/4lo.kielce.eu\/wp-content\/uploads\/2026\/03\/2-1024x768.jpg 1024w, https:\/\/4lo.kielce.eu\/wp-content\/uploads\/2026\/03\/2-300x225.jpg 300w, https:\/\/4lo.kielce.eu\/wp-content\/uploads\/2026\/03\/2-768x576.jpg 768w, https:\/\/4lo.kielce.eu\/wp-content\/uploads\/2026\/03\/2-1536x1152.jpg 1536w, https:\/\/4lo.kielce.eu\/wp-content\/uploads\/2026\/03\/2-240x180.jpg 240w, https:\/\/4lo.kielce.eu\/wp-content\/uploads\/2026\/03\/2.jpg 2048w\" sizes=\"auto, (max-width: 1024px) 100vw, 1024px\" \/><\/figure>\n<\/div>\n\n\n\n<div class=\"wp-block-column is-layout-flow wp-block-column-is-layout-flow\">\n<figure class=\"wp-block-image size-large\"><img loading=\"lazy\" decoding=\"async\" width=\"1024\" height=\"768\" src=\"https:\/\/4lo.kielce.eu\/wp-content\/uploads\/2026\/03\/3-1024x768.jpg\" alt=\"\" class=\"wp-image-9517\" srcset=\"https:\/\/4lo.kielce.eu\/wp-content\/uploads\/2026\/03\/3-1024x768.jpg 1024w, https:\/\/4lo.kielce.eu\/wp-content\/uploads\/2026\/03\/3-300x225.jpg 300w, https:\/\/4lo.kielce.eu\/wp-content\/uploads\/2026\/03\/3-768x576.jpg 768w, https:\/\/4lo.kielce.eu\/wp-content\/uploads\/2026\/03\/3-1536x1152.jpg 1536w, https:\/\/4lo.kielce.eu\/wp-content\/uploads\/2026\/03\/3-240x180.jpg 240w, https:\/\/4lo.kielce.eu\/wp-content\/uploads\/2026\/03\/3.jpg 2048w\" sizes=\"auto, (max-width: 1024px) 100vw, 1024px\" \/><\/figure>\n<\/div>\n<\/div>\n","protected":false},"excerpt":{"rendered":"<p>W czwartek 5 marca reprezentacja naszej Szko\u0142y wzi\u0119\u0142a udzia\u0142  w turnieju debat oksfordzkich i po kilkugodzinnych zmaganiach z dru\u017cynami innych kieleckich lice\u00f3w zakwalifikowa\u0142a si\u0119 do og\u00f3lnopolskiego fina\u0142u organizowanego przez Szko\u0142\u0119 G\u0142\u00f3wn\u0105 Handlow\u0105 w Warszawie.<\/p>\n","protected":false},"author":27,"featured_media":9518,"comment_status":"closed","ping_status":"","sticky":false,"template":"","format":"standard","meta":{"footnotes":""},"categories":[1],"tags":[],"class_list":["post-9515","post","type-post","status-publish","format-standard","has-post-thumbnail","hentry","category-bez-kategorii"],"_links":{"self":[{"href":"https:\/\/4lo.kielce.eu\/index.php\/wp-json\/wp\/v2\/posts\/9515","targetHints":{"allow":["GET"]}}],"collection":[{"href":"https:\/\/4lo.kielce.eu\/index.php\/wp-json\/wp\/v2\/posts"}],"about":[{"href":"https:\/\/4lo.kielce.eu\/index.php\/wp-json\/wp\/v2\/types\/post"}],"author":[{"embeddable":true,"href":"https:\/\/4lo.kielce.eu\/index.php\/wp-json\/wp\/v2\/users\/27"}],"replies":[{"embeddable":true,"href":"https:\/\/4lo.kielce.eu\/index.php\/wp-json\/wp\/v2\/comments?post=9515"}],"version-history":[{"count":3,"href":"https:\/\/4lo.kielce.eu\/index.php\/wp-json\/wp\/v2\/posts\/9515\/revisions"}],"predecessor-version":[{"id":9522,"href":"https:\/\/4lo.kielce.eu\/index.php\/wp-json\/wp\/v2\/posts\/9515\/revisions\/9522"}],"wp:featuredmedia":[{"embeddable":true,"href":"https:\/\/4lo.kielce.eu\/index.php\/wp-json\/wp\/v2\/media\/9518"}],"wp:attachment":[{"href":"https:\/\/4lo.kielce.eu\/index.php\/wp-json\/wp\/v2\/media?parent=9515"}],"wp:term":[{"taxonomy":"category","embeddable":true,"href":"https:\/\/4lo.kielce.eu\/index.php\/wp-json\/wp\/v2\/categories?post=9515"},{"taxonomy":"post_tag","embeddable":true,"href":"https:\/\/4lo.kielce.eu\/index.php\/wp-json\/wp\/v2\/tags?post=9515"}],"curies":[{"name":"wp","href":"https:\/\/api.w.org\/{rel}","templated":true}]}}