{"id":9204,"date":"2025-11-11T11:52:31","date_gmt":"2025-11-11T10:52:31","guid":{"rendered":"https:\/\/4lo.kielce.eu\/?p=9204"},"modified":"2025-11-11T11:52:31","modified_gmt":"2025-11-11T10:52:31","slug":"spiewajaca-lekcja-historii-2","status":"publish","type":"post","link":"https:\/\/4lo.kielce.eu\/index.php\/2025\/11\/11\/spiewajaca-lekcja-historii-2\/","title":{"rendered":"\u015aPIEWAJ\u0104CA LEKCJA HISTORII"},"content":{"rendered":"\n<p>Po raz kolejny IV LO w Kielcach uczci\u0142o odzyskanie przez Polsk\u0119 niepodleg\u0142o\u015bci \u015bpiewaj\u0105c\u0105 lekcj\u0105 historii. Ju\u017c 6 listopada 2025 roku w budynku przy ul. Radiowej rozbrzmiewa\u0142y tradycyjne pie\u015bni patriotyczne takie jak ,,O m\u00f3j rozmarynie&#8221;, ,,My, Pierwsza Brygada&#8221; czy ,,Wojenko, wojenko&#8221;. Nie zabrak\u0142o tak\u017ce akcent\u00f3w wsp\u00f3\u0142czesnych. M\u0142odzie\u017c z zaanga\u017cowaniem \u015bpiewa\u0142a: ,,\u017beby Polska by\u0142a Polsk\u0105&#8221; oraz ,,Wolno\u015b\u0107 kocham i rozumiem, wolno\u015bci odda\u0107 nie umiem&#8221;. I w\u0142a\u015bnie do tej ostatniej piosenki w spos\u00f3b szczeg\u00f3lny nawi\u0105za\u0142a pani dyr Edyta Lato, kieruj\u0105c do m\u0142odzie\u017cy s\u0142owa o znaczeniu patriotyzmu dawniej i dzi\u015b. Pani Dyrektor podkre\u015bli\u0142a r\u00f3wnie\u017c znaczenie we wsp\u00f3\u0142czesnym \u015bwiecie takich warto\u015bci jak pok\u00f3j, wolno\u015b\u0107, niepodleg\u0142o\u015b\u0107. <\/p>\n\n\n\n<p>\u015apiewaj\u0105ca lekcja historii mia\u0142a form\u0119 konkursu, kt\u00f3ry wygra\u0142a klasa IE, ale nale\u017cy podkre\u015bli\u0107, \u017ce wszystkie klasy pierwsze wzorowo odrobi\u0142y lekcj\u0119 patriotyzmu i doskonale przygotowa\u0142y si\u0119 do wyst\u0119pu, dbaj\u0105c nie tylko o warstw\u0119 artystyczno-muzyczn\u0105, ale tak\u017ce o wizualne akcenty patriotyczne.  <\/p>\n\n\n\n<p>Uczniowie oraz wychowawcy klas pierwszych serdecznie dzi\u0119kuj\u0105 pani dyr Lidii Laskowskiej za pomoc w przygotowaniu pie\u015bni, a pani prof. Kindze Kal-Kasprzyk z kl. IIIF oraz prof. Lechowi \u0141obodzie za przygotowanie uroczysto\u015bci, podczas kt\u00f3rej mo\u017cna by\u0142o zamanifestowa\u0107 sw\u00f3j patriotyzm, prze\u017cy\u0107 wzruszaj\u0105ce chwile, pokaza\u0107 swoje talenty i zjednoczy\u0107 si\u0119 pie\u015bni\u0105 i my\u015bl\u0105 wok\u00f3\u0142 Niepodleg\u0142ej.<\/p>\n\n\n\n<figure class=\"wp-block-gallery has-nested-images columns-default is-cropped wp-block-gallery-1 is-layout-flex wp-block-gallery-is-layout-flex\">\n<figure class=\"wp-block-image size-large\"><img loading=\"lazy\" decoding=\"async\" width=\"1024\" height=\"766\" data-id=\"9212\" src=\"https:\/\/4lo.kielce.eu\/wp-content\/uploads\/2025\/11\/1762857370954-1024x766.jpg\" alt=\"\" class=\"wp-image-9212\" srcset=\"https:\/\/4lo.kielce.eu\/wp-content\/uploads\/2025\/11\/1762857370954-1024x766.jpg 1024w, https:\/\/4lo.kielce.eu\/wp-content\/uploads\/2025\/11\/1762857370954-300x224.jpg 300w, https:\/\/4lo.kielce.eu\/wp-content\/uploads\/2025\/11\/1762857370954-768x574.jpg 768w, https:\/\/4lo.kielce.eu\/wp-content\/uploads\/2025\/11\/1762857370954-1536x1149.jpg 1536w, https:\/\/4lo.kielce.eu\/wp-content\/uploads\/2025\/11\/1762857370954-2048x1532.jpg 2048w, https:\/\/4lo.kielce.eu\/wp-content\/uploads\/2025\/11\/1762857370954-240x180.jpg 240w\" sizes=\"auto, (max-width: 1024px) 100vw, 1024px\" \/><\/figure>\n\n\n\n<figure class=\"wp-block-image size-large\"><img loading=\"lazy\" decoding=\"async\" width=\"1024\" height=\"766\" data-id=\"9210\" src=\"https:\/\/4lo.kielce.eu\/wp-content\/uploads\/2025\/11\/1762857370907-1024x766.jpg\" alt=\"\" class=\"wp-image-9210\" srcset=\"https:\/\/4lo.kielce.eu\/wp-content\/uploads\/2025\/11\/1762857370907-1024x766.jpg 1024w, https:\/\/4lo.kielce.eu\/wp-content\/uploads\/2025\/11\/1762857370907-300x224.jpg 300w, https:\/\/4lo.kielce.eu\/wp-content\/uploads\/2025\/11\/1762857370907-768x574.jpg 768w, https:\/\/4lo.kielce.eu\/wp-content\/uploads\/2025\/11\/1762857370907-1536x1149.jpg 1536w, https:\/\/4lo.kielce.eu\/wp-content\/uploads\/2025\/11\/1762857370907-2048x1532.jpg 2048w, https:\/\/4lo.kielce.eu\/wp-content\/uploads\/2025\/11\/1762857370907-240x180.jpg 240w\" sizes=\"auto, (max-width: 1024px) 100vw, 1024px\" \/><\/figure>\n\n\n\n<figure class=\"wp-block-image size-large\"><img loading=\"lazy\" decoding=\"async\" width=\"1024\" height=\"766\" data-id=\"9209\" src=\"https:\/\/4lo.kielce.eu\/wp-content\/uploads\/2025\/11\/1762857370880-1024x766.jpg\" alt=\"\" class=\"wp-image-9209\" srcset=\"https:\/\/4lo.kielce.eu\/wp-content\/uploads\/2025\/11\/1762857370880-1024x766.jpg 1024w, https:\/\/4lo.kielce.eu\/wp-content\/uploads\/2025\/11\/1762857370880-300x224.jpg 300w, https:\/\/4lo.kielce.eu\/wp-content\/uploads\/2025\/11\/1762857370880-768x574.jpg 768w, https:\/\/4lo.kielce.eu\/wp-content\/uploads\/2025\/11\/1762857370880-1536x1149.jpg 1536w, https:\/\/4lo.kielce.eu\/wp-content\/uploads\/2025\/11\/1762857370880-2048x1532.jpg 2048w, https:\/\/4lo.kielce.eu\/wp-content\/uploads\/2025\/11\/1762857370880-240x180.jpg 240w\" sizes=\"auto, (max-width: 1024px) 100vw, 1024px\" \/><\/figure>\n\n\n\n<figure class=\"wp-block-image size-large\"><img loading=\"lazy\" decoding=\"async\" width=\"1024\" height=\"766\" data-id=\"9208\" src=\"https:\/\/4lo.kielce.eu\/wp-content\/uploads\/2025\/11\/1762857370856-1024x766.jpg\" alt=\"\" class=\"wp-image-9208\" srcset=\"https:\/\/4lo.kielce.eu\/wp-content\/uploads\/2025\/11\/1762857370856-1024x766.jpg 1024w, https:\/\/4lo.kielce.eu\/wp-content\/uploads\/2025\/11\/1762857370856-300x224.jpg 300w, https:\/\/4lo.kielce.eu\/wp-content\/uploads\/2025\/11\/1762857370856-768x574.jpg 768w, https:\/\/4lo.kielce.eu\/wp-content\/uploads\/2025\/11\/1762857370856-1536x1149.jpg 1536w, https:\/\/4lo.kielce.eu\/wp-content\/uploads\/2025\/11\/1762857370856-2048x1532.jpg 2048w, https:\/\/4lo.kielce.eu\/wp-content\/uploads\/2025\/11\/1762857370856-240x180.jpg 240w\" sizes=\"auto, (max-width: 1024px) 100vw, 1024px\" \/><\/figure>\n\n\n\n<figure class=\"wp-block-image size-large\"><img loading=\"lazy\" decoding=\"async\" width=\"766\" height=\"1024\" data-id=\"9207\" src=\"https:\/\/4lo.kielce.eu\/wp-content\/uploads\/2025\/11\/1762857370825-766x1024.jpg\" alt=\"\" class=\"wp-image-9207\" srcset=\"https:\/\/4lo.kielce.eu\/wp-content\/uploads\/2025\/11\/1762857370825-766x1024.jpg 766w, https:\/\/4lo.kielce.eu\/wp-content\/uploads\/2025\/11\/1762857370825-224x300.jpg 224w, https:\/\/4lo.kielce.eu\/wp-content\/uploads\/2025\/11\/1762857370825-768x1027.jpg 768w, https:\/\/4lo.kielce.eu\/wp-content\/uploads\/2025\/11\/1762857370825-1149x1536.jpg 1149w, https:\/\/4lo.kielce.eu\/wp-content\/uploads\/2025\/11\/1762857370825-1532x2048.jpg 1532w, https:\/\/4lo.kielce.eu\/wp-content\/uploads\/2025\/11\/1762857370825-scaled.jpg 1915w\" sizes=\"auto, (max-width: 766px) 100vw, 766px\" \/><\/figure>\n\n\n\n<figure class=\"wp-block-image size-large\"><img loading=\"lazy\" decoding=\"async\" width=\"1024\" height=\"766\" data-id=\"9206\" src=\"https:\/\/4lo.kielce.eu\/wp-content\/uploads\/2025\/11\/1762857370799-1024x766.jpg\" alt=\"\" class=\"wp-image-9206\" srcset=\"https:\/\/4lo.kielce.eu\/wp-content\/uploads\/2025\/11\/1762857370799-1024x766.jpg 1024w, https:\/\/4lo.kielce.eu\/wp-content\/uploads\/2025\/11\/1762857370799-300x224.jpg 300w, https:\/\/4lo.kielce.eu\/wp-content\/uploads\/2025\/11\/1762857370799-768x574.jpg 768w, https:\/\/4lo.kielce.eu\/wp-content\/uploads\/2025\/11\/1762857370799-1536x1149.jpg 1536w, https:\/\/4lo.kielce.eu\/wp-content\/uploads\/2025\/11\/1762857370799-2048x1532.jpg 2048w, https:\/\/4lo.kielce.eu\/wp-content\/uploads\/2025\/11\/1762857370799-240x180.jpg 240w\" sizes=\"auto, (max-width: 1024px) 100vw, 1024px\" \/><\/figure>\n<\/figure>\n","protected":false},"excerpt":{"rendered":"<p>Po raz kolejny IV LO w Kielcach uczci\u0142o odzyskanie przez Polsk\u0119 niepodleg\u0142o\u015bci \u015bpiewaj\u0105c\u0105 lekcj\u0105 historii. Ju\u017c 6 listopada 2025 roku w budynku przy ul. Radiowej rozbrzmiewa\u0142y tradycyjne pie\u015bni patriotyczne takie&#8230; <\/p>\n","protected":false},"author":31,"featured_media":9211,"comment_status":"closed","ping_status":"","sticky":false,"template":"","format":"standard","meta":{"footnotes":""},"categories":[1],"tags":[],"class_list":["post-9204","post","type-post","status-publish","format-standard","has-post-thumbnail","hentry","category-bez-kategorii"],"_links":{"self":[{"href":"https:\/\/4lo.kielce.eu\/index.php\/wp-json\/wp\/v2\/posts\/9204","targetHints":{"allow":["GET"]}}],"collection":[{"href":"https:\/\/4lo.kielce.eu\/index.php\/wp-json\/wp\/v2\/posts"}],"about":[{"href":"https:\/\/4lo.kielce.eu\/index.php\/wp-json\/wp\/v2\/types\/post"}],"author":[{"embeddable":true,"href":"https:\/\/4lo.kielce.eu\/index.php\/wp-json\/wp\/v2\/users\/31"}],"replies":[{"embeddable":true,"href":"https:\/\/4lo.kielce.eu\/index.php\/wp-json\/wp\/v2\/comments?post=9204"}],"version-history":[{"count":1,"href":"https:\/\/4lo.kielce.eu\/index.php\/wp-json\/wp\/v2\/posts\/9204\/revisions"}],"predecessor-version":[{"id":9213,"href":"https:\/\/4lo.kielce.eu\/index.php\/wp-json\/wp\/v2\/posts\/9204\/revisions\/9213"}],"wp:featuredmedia":[{"embeddable":true,"href":"https:\/\/4lo.kielce.eu\/index.php\/wp-json\/wp\/v2\/media\/9211"}],"wp:attachment":[{"href":"https:\/\/4lo.kielce.eu\/index.php\/wp-json\/wp\/v2\/media?parent=9204"}],"wp:term":[{"taxonomy":"category","embeddable":true,"href":"https:\/\/4lo.kielce.eu\/index.php\/wp-json\/wp\/v2\/categories?post=9204"},{"taxonomy":"post_tag","embeddable":true,"href":"https:\/\/4lo.kielce.eu\/index.php\/wp-json\/wp\/v2\/tags?post=9204"}],"curies":[{"name":"wp","href":"https:\/\/api.w.org\/{rel}","templated":true}]}}