{"id":9095,"date":"2025-09-26T21:46:26","date_gmt":"2025-09-26T19:46:26","guid":{"rendered":"https:\/\/4lo.kielce.eu\/?p=9095"},"modified":"2025-09-26T22:04:45","modified_gmt":"2025-09-26T20:04:45","slug":"slubowanie-3","status":"publish","type":"post","link":"https:\/\/4lo.kielce.eu\/index.php\/2025\/09\/26\/slubowanie-3\/","title":{"rendered":"\u015alubowanie"},"content":{"rendered":"\n<p>Tegoroczni pierwszoklasi\u015bci 26 wrze\u015bnia 2025 roku oficjalnie stali si\u0119 pe\u0142noprawnymi uczniami IV LO w Kielcach. Po kilku tygodniach nauki uroczy\u015bcie \u015blubowali m.in. wzorowo wype\u0142nia\u0107 swoje obowi\u0105zki, dba\u0107 o dobre imi\u0119 szko\u0142y. Pani dyrektor Edyta Lato skierowa\u0142a do uczni\u00f3w ciep\u0142e s\u0142owa, w kt\u00f3rych zapewnia\u0142a, \u017ce od teraz razem b\u0119dziemy budowa\u0107 atmosfer\u0119 szko\u0142y, razem b\u0119dziemy osi\u0105ga\u0107 sukcesy i rozwi\u0105zywa\u0107 problemy. Pani Dyrektor zapewni\u0142a tak\u017ce, \u017ce odnosz\u0105cy sukcesy to nie ci, kt\u00f3rzy nie ponie\u015bli pora\u017cki, ale ci, kt\u00f3rzy nigdy si\u0119 nie poddali.<\/p>\n\n\n\n<p>Po cz\u0119\u015bci oficjalnej uczniowie kl. IIIB wraz z wychowawczyni\u0105, p.prof. M. Samojlik-Podolsk\u0105, sprawdzili, czy nowi uczniowie potrafi\u0105 si\u0119 dobrze bawi\u0107. Ch\u0142opcy stan\u0119li przed nie\u0142atwym zadaniem &#8211; musieli zrobi\u0107 studni\u00f3wkowe fryzury starszym kole\u017cankom. Wiele \u015bmiechu wywo\u0142a\u0142o przypisywanie powiedzonek do nauczycieli czy sprawdzanie sprawno\u015bci papierowych samolot\u00f3w. Na koniec organizatorzy sprawdzili te\u017c kreatywno\u015b\u0107 wychowawc\u00f3w, kt\u00f3rzy musieli narysowa\u0107 swoj\u0105 klas\u0119. \u015amiechu by\u0142o co niemiara. Oby cztery lata w murach IV LO up\u0142yn\u0119\u0142y  pierwszakom w takiej atmosferze!<\/p>\n\n\n\n<div class=\"wp-block-columns is-layout-flex wp-container-core-columns-is-layout-9d6595d7 wp-block-columns-is-layout-flex\">\n<div class=\"wp-block-column is-layout-flow wp-block-column-is-layout-flow\">\n<figure class=\"wp-block-image size-large\"><img loading=\"lazy\" decoding=\"async\" width=\"766\" height=\"1024\" src=\"https:\/\/4lo.kielce.eu\/wp-content\/uploads\/2025\/09\/1758912771217-766x1024.jpg\" alt=\"\" class=\"wp-image-9098\" srcset=\"https:\/\/4lo.kielce.eu\/wp-content\/uploads\/2025\/09\/1758912771217-766x1024.jpg 766w, https:\/\/4lo.kielce.eu\/wp-content\/uploads\/2025\/09\/1758912771217-224x300.jpg 224w, https:\/\/4lo.kielce.eu\/wp-content\/uploads\/2025\/09\/1758912771217-768x1027.jpg 768w, https:\/\/4lo.kielce.eu\/wp-content\/uploads\/2025\/09\/1758912771217-1149x1536.jpg 1149w, https:\/\/4lo.kielce.eu\/wp-content\/uploads\/2025\/09\/1758912771217-1532x2048.jpg 1532w, https:\/\/4lo.kielce.eu\/wp-content\/uploads\/2025\/09\/1758912771217-scaled.jpg 1915w\" sizes=\"auto, (max-width: 766px) 100vw, 766px\" \/><\/figure>\n<\/div>\n\n\n\n<div class=\"wp-block-column is-layout-flow wp-block-column-is-layout-flow\">\n<figure class=\"wp-block-image size-large\"><img loading=\"lazy\" decoding=\"async\" width=\"766\" height=\"1024\" src=\"https:\/\/4lo.kielce.eu\/wp-content\/uploads\/2025\/09\/1758912771246-766x1024.jpg\" alt=\"\" class=\"wp-image-9096\" srcset=\"https:\/\/4lo.kielce.eu\/wp-content\/uploads\/2025\/09\/1758912771246-766x1024.jpg 766w, https:\/\/4lo.kielce.eu\/wp-content\/uploads\/2025\/09\/1758912771246-224x300.jpg 224w, https:\/\/4lo.kielce.eu\/wp-content\/uploads\/2025\/09\/1758912771246-768x1027.jpg 768w, https:\/\/4lo.kielce.eu\/wp-content\/uploads\/2025\/09\/1758912771246-1149x1536.jpg 1149w, https:\/\/4lo.kielce.eu\/wp-content\/uploads\/2025\/09\/1758912771246-1532x2048.jpg 1532w, https:\/\/4lo.kielce.eu\/wp-content\/uploads\/2025\/09\/1758912771246-scaled.jpg 1915w\" sizes=\"auto, (max-width: 766px) 100vw, 766px\" \/><\/figure>\n<\/div>\n\n\n\n<div class=\"wp-block-column is-layout-flow wp-block-column-is-layout-flow\">\n<figure class=\"wp-block-image size-large\"><img loading=\"lazy\" decoding=\"async\" width=\"766\" height=\"1024\" src=\"https:\/\/4lo.kielce.eu\/wp-content\/uploads\/2025\/09\/1758912771160-766x1024.jpg\" alt=\"\" class=\"wp-image-9100\" srcset=\"https:\/\/4lo.kielce.eu\/wp-content\/uploads\/2025\/09\/1758912771160-766x1024.jpg 766w, https:\/\/4lo.kielce.eu\/wp-content\/uploads\/2025\/09\/1758912771160-224x300.jpg 224w, https:\/\/4lo.kielce.eu\/wp-content\/uploads\/2025\/09\/1758912771160-768x1027.jpg 768w, https:\/\/4lo.kielce.eu\/wp-content\/uploads\/2025\/09\/1758912771160-1149x1536.jpg 1149w, https:\/\/4lo.kielce.eu\/wp-content\/uploads\/2025\/09\/1758912771160-1532x2048.jpg 1532w, https:\/\/4lo.kielce.eu\/wp-content\/uploads\/2025\/09\/1758912771160-scaled.jpg 1915w\" sizes=\"auto, (max-width: 766px) 100vw, 766px\" \/><\/figure>\n<\/div>\n<\/div>\n\n\n\n<div class=\"wp-block-columns is-layout-flex wp-container-core-columns-is-layout-9d6595d7 wp-block-columns-is-layout-flex\">\n<div class=\"wp-block-column is-layout-flow wp-block-column-is-layout-flow\" style=\"flex-basis:100%\"><\/div>\n<\/div>\n\n\n\n<div class=\"wp-block-columns is-layout-flex wp-container-core-columns-is-layout-9d6595d7 wp-block-columns-is-layout-flex\">\n<div class=\"wp-block-column is-layout-flow wp-block-column-is-layout-flow\">\n<figure class=\"wp-block-image size-large\"><img loading=\"lazy\" decoding=\"async\" width=\"766\" height=\"1024\" src=\"https:\/\/4lo.kielce.eu\/wp-content\/uploads\/2025\/09\/1758912771193-766x1024.jpg\" alt=\"\" class=\"wp-image-9097\" srcset=\"https:\/\/4lo.kielce.eu\/wp-content\/uploads\/2025\/09\/1758912771193-766x1024.jpg 766w, https:\/\/4lo.kielce.eu\/wp-content\/uploads\/2025\/09\/1758912771193-224x300.jpg 224w, https:\/\/4lo.kielce.eu\/wp-content\/uploads\/2025\/09\/1758912771193-768x1027.jpg 768w, https:\/\/4lo.kielce.eu\/wp-content\/uploads\/2025\/09\/1758912771193-1149x1536.jpg 1149w, https:\/\/4lo.kielce.eu\/wp-content\/uploads\/2025\/09\/1758912771193-1532x2048.jpg 1532w, https:\/\/4lo.kielce.eu\/wp-content\/uploads\/2025\/09\/1758912771193-scaled.jpg 1915w\" sizes=\"auto, (max-width: 766px) 100vw, 766px\" \/><\/figure>\n<\/div>\n\n\n\n<div class=\"wp-block-column is-layout-flow wp-block-column-is-layout-flow\">\n<figure class=\"wp-block-image size-large\"><img loading=\"lazy\" decoding=\"async\" width=\"766\" height=\"1024\" src=\"https:\/\/4lo.kielce.eu\/wp-content\/uploads\/2025\/09\/1758912771172-766x1024.jpg\" alt=\"\" class=\"wp-image-9099\" srcset=\"https:\/\/4lo.kielce.eu\/wp-content\/uploads\/2025\/09\/1758912771172-766x1024.jpg 766w, https:\/\/4lo.kielce.eu\/wp-content\/uploads\/2025\/09\/1758912771172-224x300.jpg 224w, https:\/\/4lo.kielce.eu\/wp-content\/uploads\/2025\/09\/1758912771172-768x1027.jpg 768w, https:\/\/4lo.kielce.eu\/wp-content\/uploads\/2025\/09\/1758912771172-1149x1536.jpg 1149w, https:\/\/4lo.kielce.eu\/wp-content\/uploads\/2025\/09\/1758912771172-1532x2048.jpg 1532w, https:\/\/4lo.kielce.eu\/wp-content\/uploads\/2025\/09\/1758912771172-scaled.jpg 1915w\" sizes=\"auto, (max-width: 766px) 100vw, 766px\" \/><\/figure>\n<\/div>\n\n\n\n<div class=\"wp-block-column is-layout-flow wp-block-column-is-layout-flow\">\n<figure class=\"wp-block-image size-large\"><img loading=\"lazy\" decoding=\"async\" width=\"766\" height=\"1024\" src=\"https:\/\/4lo.kielce.eu\/wp-content\/uploads\/2025\/09\/1758912771148-766x1024.jpg\" alt=\"\" class=\"wp-image-9101\" srcset=\"https:\/\/4lo.kielce.eu\/wp-content\/uploads\/2025\/09\/1758912771148-766x1024.jpg 766w, https:\/\/4lo.kielce.eu\/wp-content\/uploads\/2025\/09\/1758912771148-224x300.jpg 224w, https:\/\/4lo.kielce.eu\/wp-content\/uploads\/2025\/09\/1758912771148-768x1027.jpg 768w, https:\/\/4lo.kielce.eu\/wp-content\/uploads\/2025\/09\/1758912771148-1149x1536.jpg 1149w, https:\/\/4lo.kielce.eu\/wp-content\/uploads\/2025\/09\/1758912771148-1532x2048.jpg 1532w, https:\/\/4lo.kielce.eu\/wp-content\/uploads\/2025\/09\/1758912771148-scaled.jpg 1915w\" sizes=\"auto, (max-width: 766px) 100vw, 766px\" \/><\/figure>\n<\/div>\n<\/div>\n\n\n\n<p><\/p>\n","protected":false},"excerpt":{"rendered":"<p>Tegoroczni pierwszoklasi\u015bci 26 wrze\u015bnia 2025 roku oficjalnie stali si\u0119 pe\u0142noprawnymi uczniami IV LO w Kielcach. Po kilku tygodniach nauki uroczy\u015bcie \u015blubowali m.in. wzorowo wype\u0142nia\u0107 swoje obowi\u0105zki, dba\u0107 o dobre imi\u0119&#8230; <\/p>\n","protected":false},"author":31,"featured_media":9104,"comment_status":"closed","ping_status":"","sticky":false,"template":"","format":"standard","meta":{"footnotes":""},"categories":[1],"tags":[],"class_list":["post-9095","post","type-post","status-publish","format-standard","has-post-thumbnail","hentry","category-bez-kategorii"],"_links":{"self":[{"href":"https:\/\/4lo.kielce.eu\/index.php\/wp-json\/wp\/v2\/posts\/9095","targetHints":{"allow":["GET"]}}],"collection":[{"href":"https:\/\/4lo.kielce.eu\/index.php\/wp-json\/wp\/v2\/posts"}],"about":[{"href":"https:\/\/4lo.kielce.eu\/index.php\/wp-json\/wp\/v2\/types\/post"}],"author":[{"embeddable":true,"href":"https:\/\/4lo.kielce.eu\/index.php\/wp-json\/wp\/v2\/users\/31"}],"replies":[{"embeddable":true,"href":"https:\/\/4lo.kielce.eu\/index.php\/wp-json\/wp\/v2\/comments?post=9095"}],"version-history":[{"count":1,"href":"https:\/\/4lo.kielce.eu\/index.php\/wp-json\/wp\/v2\/posts\/9095\/revisions"}],"predecessor-version":[{"id":9103,"href":"https:\/\/4lo.kielce.eu\/index.php\/wp-json\/wp\/v2\/posts\/9095\/revisions\/9103"}],"wp:featuredmedia":[{"embeddable":true,"href":"https:\/\/4lo.kielce.eu\/index.php\/wp-json\/wp\/v2\/media\/9104"}],"wp:attachment":[{"href":"https:\/\/4lo.kielce.eu\/index.php\/wp-json\/wp\/v2\/media?parent=9095"}],"wp:term":[{"taxonomy":"category","embeddable":true,"href":"https:\/\/4lo.kielce.eu\/index.php\/wp-json\/wp\/v2\/categories?post=9095"},{"taxonomy":"post_tag","embeddable":true,"href":"https:\/\/4lo.kielce.eu\/index.php\/wp-json\/wp\/v2\/tags?post=9095"}],"curies":[{"name":"wp","href":"https:\/\/api.w.org\/{rel}","templated":true}]}}