{"id":8439,"date":"2025-04-04T18:54:11","date_gmt":"2025-04-04T16:54:11","guid":{"rendered":"https:\/\/4lo.kielce.eu\/?p=8439"},"modified":"2025-04-04T18:54:11","modified_gmt":"2025-04-04T16:54:11","slug":"x-regionalny-turniej-debat-historycznych","status":"publish","type":"post","link":"https:\/\/4lo.kielce.eu\/index.php\/2025\/04\/04\/x-regionalny-turniej-debat-historycznych\/","title":{"rendered":"X Regionalny Turniej Debat Historycznych"},"content":{"rendered":"\n<p>Dru\u017cyna z naszej szko\u0142y w sk\u0142adzie: Wiktoria Bera, Amelia Michcik, Julia Marcjan, Bart\u0142omiej B\u0119ben, Karol Wr\u00f3blewski  znalaz\u0142a si\u0119 w finale Regionalnego Turnieju Debat Historycznych IPN. Zaj\u0119li\u015bmy II miejsce i  ulegli\u015bmy po wspania\u0142ej walce I LO z Opatowa. Jest to drugie takie osi\u0105gni\u0119cie z rz\u0119du. M\u0142odzie\u017c wykona\u0142a bardzo dobr\u0105 prac\u0119, po\u015bwi\u0119ci\u0142a du\u017co czasu i energii w przygotowanie do zawod\u00f3w.Dodatkowej energii dostarcza\u0142a grupa kibic\u00f3w z 3D. Opiek\u0119 merytoryczn\u0105 sprawowa\u0142 Prof. \u0141ukasz Jaszczyk. Serdecznie gratulujemy zawodnikom! <\/p>\n\n\n\n<figure class=\"wp-block-image size-large\"><img loading=\"lazy\" decoding=\"async\" width=\"1024\" height=\"768\" src=\"https:\/\/4lo.kielce.eu\/wp-content\/uploads\/2025\/04\/IMG_5587-1024x768.jpg\" alt=\"\" class=\"wp-image-8440\" srcset=\"https:\/\/4lo.kielce.eu\/wp-content\/uploads\/2025\/04\/IMG_5587-1024x768.jpg 1024w, https:\/\/4lo.kielce.eu\/wp-content\/uploads\/2025\/04\/IMG_5587-300x225.jpg 300w, https:\/\/4lo.kielce.eu\/wp-content\/uploads\/2025\/04\/IMG_5587-768x576.jpg 768w, https:\/\/4lo.kielce.eu\/wp-content\/uploads\/2025\/04\/IMG_5587-1536x1152.jpg 1536w, https:\/\/4lo.kielce.eu\/wp-content\/uploads\/2025\/04\/IMG_5587-2048x1536.jpg 2048w, https:\/\/4lo.kielce.eu\/wp-content\/uploads\/2025\/04\/IMG_5587-240x180.jpg 240w\" sizes=\"auto, (max-width: 1024px) 100vw, 1024px\" \/><\/figure>\n\n\n\n<figure class=\"wp-block-image size-large\"><img loading=\"lazy\" decoding=\"async\" width=\"1024\" height=\"768\" src=\"https:\/\/4lo.kielce.eu\/wp-content\/uploads\/2025\/04\/IMG_5595-1024x768.jpg\" alt=\"\" class=\"wp-image-8441\" srcset=\"https:\/\/4lo.kielce.eu\/wp-content\/uploads\/2025\/04\/IMG_5595-1024x768.jpg 1024w, https:\/\/4lo.kielce.eu\/wp-content\/uploads\/2025\/04\/IMG_5595-300x225.jpg 300w, https:\/\/4lo.kielce.eu\/wp-content\/uploads\/2025\/04\/IMG_5595-768x576.jpg 768w, https:\/\/4lo.kielce.eu\/wp-content\/uploads\/2025\/04\/IMG_5595-1536x1152.jpg 1536w, https:\/\/4lo.kielce.eu\/wp-content\/uploads\/2025\/04\/IMG_5595-2048x1536.jpg 2048w, https:\/\/4lo.kielce.eu\/wp-content\/uploads\/2025\/04\/IMG_5595-240x180.jpg 240w\" sizes=\"auto, (max-width: 1024px) 100vw, 1024px\" \/><\/figure>\n\n\n\n<figure class=\"wp-block-image size-large\"><img loading=\"lazy\" decoding=\"async\" width=\"1024\" height=\"768\" src=\"https:\/\/4lo.kielce.eu\/wp-content\/uploads\/2025\/04\/IMG_5606-1024x768.jpg\" alt=\"\" class=\"wp-image-8442\" srcset=\"https:\/\/4lo.kielce.eu\/wp-content\/uploads\/2025\/04\/IMG_5606-1024x768.jpg 1024w, https:\/\/4lo.kielce.eu\/wp-content\/uploads\/2025\/04\/IMG_5606-300x225.jpg 300w, https:\/\/4lo.kielce.eu\/wp-content\/uploads\/2025\/04\/IMG_5606-768x576.jpg 768w, https:\/\/4lo.kielce.eu\/wp-content\/uploads\/2025\/04\/IMG_5606-1536x1152.jpg 1536w, https:\/\/4lo.kielce.eu\/wp-content\/uploads\/2025\/04\/IMG_5606-2048x1536.jpg 2048w, https:\/\/4lo.kielce.eu\/wp-content\/uploads\/2025\/04\/IMG_5606-240x180.jpg 240w\" sizes=\"auto, (max-width: 1024px) 100vw, 1024px\" \/><\/figure>\n","protected":false},"excerpt":{"rendered":"<p>Dru\u017cyna z naszej szko\u0142y w sk\u0142adzie: Wiktoria Bera, Amelia Michcik, Julia Marcjan, Bart\u0142omiej B\u0119ben, Karol Wr\u00f3blewski znalaz\u0142a si\u0119 w finale Regionalnego Turnieju Debat Historycznych IPN. Zaj\u0119li\u015bmy II miejsce i ulegli\u015bmy&#8230; <\/p>\n","protected":false},"author":1,"featured_media":8442,"comment_status":"closed","ping_status":"","sticky":false,"template":"","format":"standard","meta":{"footnotes":""},"categories":[1],"tags":[],"class_list":["post-8439","post","type-post","status-publish","format-standard","has-post-thumbnail","hentry","category-bez-kategorii"],"_links":{"self":[{"href":"https:\/\/4lo.kielce.eu\/index.php\/wp-json\/wp\/v2\/posts\/8439","targetHints":{"allow":["GET"]}}],"collection":[{"href":"https:\/\/4lo.kielce.eu\/index.php\/wp-json\/wp\/v2\/posts"}],"about":[{"href":"https:\/\/4lo.kielce.eu\/index.php\/wp-json\/wp\/v2\/types\/post"}],"author":[{"embeddable":true,"href":"https:\/\/4lo.kielce.eu\/index.php\/wp-json\/wp\/v2\/users\/1"}],"replies":[{"embeddable":true,"href":"https:\/\/4lo.kielce.eu\/index.php\/wp-json\/wp\/v2\/comments?post=8439"}],"version-history":[{"count":1,"href":"https:\/\/4lo.kielce.eu\/index.php\/wp-json\/wp\/v2\/posts\/8439\/revisions"}],"predecessor-version":[{"id":8443,"href":"https:\/\/4lo.kielce.eu\/index.php\/wp-json\/wp\/v2\/posts\/8439\/revisions\/8443"}],"wp:featuredmedia":[{"embeddable":true,"href":"https:\/\/4lo.kielce.eu\/index.php\/wp-json\/wp\/v2\/media\/8442"}],"wp:attachment":[{"href":"https:\/\/4lo.kielce.eu\/index.php\/wp-json\/wp\/v2\/media?parent=8439"}],"wp:term":[{"taxonomy":"category","embeddable":true,"href":"https:\/\/4lo.kielce.eu\/index.php\/wp-json\/wp\/v2\/categories?post=8439"},{"taxonomy":"post_tag","embeddable":true,"href":"https:\/\/4lo.kielce.eu\/index.php\/wp-json\/wp\/v2\/tags?post=8439"}],"curies":[{"name":"wp","href":"https:\/\/api.w.org\/{rel}","templated":true}]}}