{"id":8069,"date":"2025-03-03T14:22:48","date_gmt":"2025-03-03T13:22:48","guid":{"rendered":"https:\/\/4lo.kielce.eu\/?p=8069"},"modified":"2025-03-03T14:23:42","modified_gmt":"2025-03-03T13:23:42","slug":"narodowy-dzien-pamieci-zolnierzy-wykletych-2","status":"publish","type":"post","link":"https:\/\/4lo.kielce.eu\/index.php\/2025\/03\/03\/narodowy-dzien-pamieci-zolnierzy-wykletych-2\/","title":{"rendered":"Narodowy Dzie\u0144 Pami\u0119ci \u017bo\u0142nierzy Wykl\u0119tych"},"content":{"rendered":"\n<p>W dniu 03.03.2025 r. w naszej szkole odby\u0142a si\u0119 uroczysta akademia z okazji Narodowego \u015awi\u0119ta Pami\u0119ci \u017bo\u0142nierzy Wykl\u0119tych. Uczniowie klasy IB pod kierunkiem Prof. \u0141ukasza Jaszczyka przygotowali blisko godzinne widowisko s\u0142owno-muzyczne.<\/p>\n\n\n\n<figure class=\"wp-block-image size-large\"><img loading=\"lazy\" decoding=\"async\" width=\"1024\" height=\"768\" src=\"https:\/\/4lo.kielce.eu\/wp-content\/uploads\/2025\/03\/IMG_20250303_101317-1024x768.jpg\" alt=\"\" class=\"wp-image-8071\" srcset=\"https:\/\/4lo.kielce.eu\/wp-content\/uploads\/2025\/03\/IMG_20250303_101317-1024x768.jpg 1024w, https:\/\/4lo.kielce.eu\/wp-content\/uploads\/2025\/03\/IMG_20250303_101317-300x225.jpg 300w, https:\/\/4lo.kielce.eu\/wp-content\/uploads\/2025\/03\/IMG_20250303_101317-768x576.jpg 768w, https:\/\/4lo.kielce.eu\/wp-content\/uploads\/2025\/03\/IMG_20250303_101317-1536x1152.jpg 1536w, https:\/\/4lo.kielce.eu\/wp-content\/uploads\/2025\/03\/IMG_20250303_101317-2048x1536.jpg 2048w, https:\/\/4lo.kielce.eu\/wp-content\/uploads\/2025\/03\/IMG_20250303_101317-240x180.jpg 240w\" sizes=\"auto, (max-width: 1024px) 100vw, 1024px\" \/><\/figure>\n\n\n\n<figure class=\"wp-block-image size-large\"><img loading=\"lazy\" decoding=\"async\" width=\"1024\" height=\"768\" src=\"https:\/\/4lo.kielce.eu\/wp-content\/uploads\/2025\/03\/IMG_20250303_101730-1024x768.jpg\" alt=\"\" class=\"wp-image-8072\" srcset=\"https:\/\/4lo.kielce.eu\/wp-content\/uploads\/2025\/03\/IMG_20250303_101730-1024x768.jpg 1024w, https:\/\/4lo.kielce.eu\/wp-content\/uploads\/2025\/03\/IMG_20250303_101730-300x225.jpg 300w, https:\/\/4lo.kielce.eu\/wp-content\/uploads\/2025\/03\/IMG_20250303_101730-768x576.jpg 768w, https:\/\/4lo.kielce.eu\/wp-content\/uploads\/2025\/03\/IMG_20250303_101730-1536x1152.jpg 1536w, https:\/\/4lo.kielce.eu\/wp-content\/uploads\/2025\/03\/IMG_20250303_101730-2048x1536.jpg 2048w, https:\/\/4lo.kielce.eu\/wp-content\/uploads\/2025\/03\/IMG_20250303_101730-240x180.jpg 240w\" sizes=\"auto, (max-width: 1024px) 100vw, 1024px\" \/><\/figure>\n\n\n\n<figure class=\"wp-block-image size-large\"><img loading=\"lazy\" decoding=\"async\" width=\"1024\" height=\"768\" src=\"https:\/\/4lo.kielce.eu\/wp-content\/uploads\/2025\/03\/IMG_20250303_102059_1-1024x768.jpg\" alt=\"\" class=\"wp-image-8073\" srcset=\"https:\/\/4lo.kielce.eu\/wp-content\/uploads\/2025\/03\/IMG_20250303_102059_1-1024x768.jpg 1024w, https:\/\/4lo.kielce.eu\/wp-content\/uploads\/2025\/03\/IMG_20250303_102059_1-300x225.jpg 300w, https:\/\/4lo.kielce.eu\/wp-content\/uploads\/2025\/03\/IMG_20250303_102059_1-768x576.jpg 768w, https:\/\/4lo.kielce.eu\/wp-content\/uploads\/2025\/03\/IMG_20250303_102059_1-1536x1152.jpg 1536w, https:\/\/4lo.kielce.eu\/wp-content\/uploads\/2025\/03\/IMG_20250303_102059_1-2048x1536.jpg 2048w, https:\/\/4lo.kielce.eu\/wp-content\/uploads\/2025\/03\/IMG_20250303_102059_1-240x180.jpg 240w\" sizes=\"auto, (max-width: 1024px) 100vw, 1024px\" \/><\/figure>\n\n\n\n<figure class=\"wp-block-image size-large\"><img loading=\"lazy\" decoding=\"async\" width=\"768\" height=\"1024\" src=\"https:\/\/4lo.kielce.eu\/wp-content\/uploads\/2025\/03\/IMG_20250303_101641_2-768x1024.jpg\" alt=\"\" class=\"wp-image-8074\" srcset=\"https:\/\/4lo.kielce.eu\/wp-content\/uploads\/2025\/03\/IMG_20250303_101641_2-768x1024.jpg 768w, https:\/\/4lo.kielce.eu\/wp-content\/uploads\/2025\/03\/IMG_20250303_101641_2-225x300.jpg 225w, https:\/\/4lo.kielce.eu\/wp-content\/uploads\/2025\/03\/IMG_20250303_101641_2-1152x1536.jpg 1152w, https:\/\/4lo.kielce.eu\/wp-content\/uploads\/2025\/03\/IMG_20250303_101641_2-1536x2048.jpg 1536w, https:\/\/4lo.kielce.eu\/wp-content\/uploads\/2025\/03\/IMG_20250303_101641_2-scaled.jpg 1920w\" sizes=\"auto, (max-width: 768px) 100vw, 768px\" \/><\/figure>\n","protected":false},"excerpt":{"rendered":"<p>W dniu 03.03.2025 r. w naszej szkole odby\u0142a si\u0119 uroczysta akademia z okazji Narodowego \u015awi\u0119ta Pami\u0119ci \u017bo\u0142nierzy Wykl\u0119tych. Uczniowie klasy IB pod kierunkiem Prof. \u0141ukasza Jaszczyka przygotowali blisko godzinne widowisko&#8230; <\/p>\n","protected":false},"author":1,"featured_media":8073,"comment_status":"closed","ping_status":"","sticky":false,"template":"","format":"standard","meta":{"footnotes":""},"categories":[1],"tags":[],"class_list":["post-8069","post","type-post","status-publish","format-standard","has-post-thumbnail","hentry","category-bez-kategorii"],"_links":{"self":[{"href":"https:\/\/4lo.kielce.eu\/index.php\/wp-json\/wp\/v2\/posts\/8069","targetHints":{"allow":["GET"]}}],"collection":[{"href":"https:\/\/4lo.kielce.eu\/index.php\/wp-json\/wp\/v2\/posts"}],"about":[{"href":"https:\/\/4lo.kielce.eu\/index.php\/wp-json\/wp\/v2\/types\/post"}],"author":[{"embeddable":true,"href":"https:\/\/4lo.kielce.eu\/index.php\/wp-json\/wp\/v2\/users\/1"}],"replies":[{"embeddable":true,"href":"https:\/\/4lo.kielce.eu\/index.php\/wp-json\/wp\/v2\/comments?post=8069"}],"version-history":[{"count":2,"href":"https:\/\/4lo.kielce.eu\/index.php\/wp-json\/wp\/v2\/posts\/8069\/revisions"}],"predecessor-version":[{"id":8075,"href":"https:\/\/4lo.kielce.eu\/index.php\/wp-json\/wp\/v2\/posts\/8069\/revisions\/8075"}],"wp:featuredmedia":[{"embeddable":true,"href":"https:\/\/4lo.kielce.eu\/index.php\/wp-json\/wp\/v2\/media\/8073"}],"wp:attachment":[{"href":"https:\/\/4lo.kielce.eu\/index.php\/wp-json\/wp\/v2\/media?parent=8069"}],"wp:term":[{"taxonomy":"category","embeddable":true,"href":"https:\/\/4lo.kielce.eu\/index.php\/wp-json\/wp\/v2\/categories?post=8069"},{"taxonomy":"post_tag","embeddable":true,"href":"https:\/\/4lo.kielce.eu\/index.php\/wp-json\/wp\/v2\/tags?post=8069"}],"curies":[{"name":"wp","href":"https:\/\/api.w.org\/{rel}","templated":true}]}}