{"id":8061,"date":"2025-02-28T07:26:41","date_gmt":"2025-02-28T06:26:41","guid":{"rendered":"https:\/\/4lo.kielce.eu\/?p=8061"},"modified":"2025-02-28T07:26:41","modified_gmt":"2025-02-28T06:26:41","slug":"debbaty-2025-turniej-debat-oksfordzkich","status":"publish","type":"post","link":"https:\/\/4lo.kielce.eu\/index.php\/2025\/02\/28\/debbaty-2025-turniej-debat-oksfordzkich\/","title":{"rendered":"DeBBaty 2025 &#8211; turniej debat oksfordzkich"},"content":{"rendered":"\n<p>W dniu 27.02.2025 r. w murach IV LO w Kielcach odby\u0142 si\u0119 jeden z 12 turniej\u00f3w eliminacyjnych<br>X edycji Turnieju Debat Oksfordzkich \u201eDeBBaty\u201d organizowanego przez Samorz\u0105d Studencki SGH<br>w Warszawie . Przy tworzeniu X edycji \u201eDeBBat\u201d organizatorzy jako podstawowe tematy tego cyklu<br>wybrali &#8211; popraw\u0119 edukacji oraz zmniejszanie nier\u00f3wno\u015bci. Realizacja tego wydarzenia mo\u017cliwa jest<br>dzi\u0119ki wsp\u00f3\u0142pracy z Partnerami Merytorycznym np. Fundacji \u201eNowy G\u0142os\u201d. Podstawowym<br>za\u0142o\u017ceniem DeBBat jest popularyzacja debat oksfordzkich w miejscach, gdzie sztuka debatowania nie<br>jest jeszcze szeroko znana. W turnieju wyst\u0105pi\u0142y 4 dru\u017cyny: IV LO w Kielcach, II LO im Jana<br>\u015aniadeckiego w Kielcach, VI LO im. Juliusza S\u0142owackiego w Kielcach oraz IV LO im. Tytusa<br>Cha\u0142ubi\u0144skiego w Radomiu. Debata I &#8211; infoslajd: <em>Na potrzeby tej debaty pa\u0144stwa-mocarstwa to obecnie: Chiny, Rosja, USA, Indie i Brazylia. Teza: Zak\u0142adaj\u0105c pokojowy przebieg takiego procesu, nale\u017cy popiera\u0107 rozbicie pa\u0144stw &#8211; mocarstw na kilka mniejszych pa\u0144stw<\/em>. Z t\u0105 tez\u0105 mierzy\u0142y si\u0119 dru\u017cyny IV LO w Kielcach i VI LO im. Juliusza S\u0142owackiego. Zwyci\u0119zc\u0105 tej rywalizacji zosta\u0142a dru\u017cyna IV LO. W debacie II z tez\u0105: <em>Jako rz\u0105d Holandii, aktywnie zniech\u0119caliby\u015bmy uczelnie do przyjmowania zagranicznych student\u00f3w<\/em> \u2013 spotka\u0142y<br>si\u0119 szko\u0142y II LO im. Jana \u015aniadeckiego w Kielcach z IV LO im. Tytusa Cha\u0142ubi\u0144skiego w Radomiu. Po<br>zaci\u0119tej walce zwyci\u0119zc\u0105 zosta\u0142o II LO. Debata fina\u0142owa z tez\u0105: <em>Wszystkie zaj\u0119cia na uczelniach<br>wy\u017cszych w Polsce powinny by\u0107 nieobowi\u0105zkowe <\/em>&#8211; rozegrana zosta\u0142a mi\u0119dzy IV LO w Kielcach<br>(strona propozycji) i II LO w Kielcach (strona opozycji). Pi\u0119kn\u0105 walk\u0119 na argumenty wygra\u0142a dru\u017cyna<br>naszej szko\u0142y w sk\u0142adzie: Iga Sobo\u0144, Amelia Antoszewska, Sandra Wzorek, Oleksandr Minzov. Opiek\u0119<br>merytoryczn\u0105 i wsparcie zapewnia\u0142 Prof. \u0141ukasz Jaszczyk. Po etapie regionalnym nasi m\u00f3wcy pojad\u0105<br>na Wielki Fina\u0142 w Warszawie, kt\u00f3ry odb\u0119dzie si\u0119 w dniach 11-12 kwietnia 2025 r. Gratulujemy<br>sukcesu! Powodzenia!<\/p>\n\n\n\n<figure class=\"wp-block-image size-large\"><img loading=\"lazy\" decoding=\"async\" width=\"1024\" height=\"702\" src=\"https:\/\/4lo.kielce.eu\/wp-content\/uploads\/2025\/02\/Debbaty-2025_1-1024x702.jpg\" alt=\"\" class=\"wp-image-8062\" srcset=\"https:\/\/4lo.kielce.eu\/wp-content\/uploads\/2025\/02\/Debbaty-2025_1-1024x702.jpg 1024w, https:\/\/4lo.kielce.eu\/wp-content\/uploads\/2025\/02\/Debbaty-2025_1-300x206.jpg 300w, https:\/\/4lo.kielce.eu\/wp-content\/uploads\/2025\/02\/Debbaty-2025_1-768x526.jpg 768w, https:\/\/4lo.kielce.eu\/wp-content\/uploads\/2025\/02\/Debbaty-2025_1-1536x1052.jpg 1536w, https:\/\/4lo.kielce.eu\/wp-content\/uploads\/2025\/02\/Debbaty-2025_1-2048x1403.jpg 2048w\" sizes=\"auto, (max-width: 1024px) 100vw, 1024px\" \/><\/figure>\n\n\n\n<figure class=\"wp-block-image size-large\"><img loading=\"lazy\" decoding=\"async\" width=\"1024\" height=\"768\" src=\"https:\/\/4lo.kielce.eu\/wp-content\/uploads\/2025\/02\/Debaty__0029-1024x768.jpg\" alt=\"\" class=\"wp-image-8063\" srcset=\"https:\/\/4lo.kielce.eu\/wp-content\/uploads\/2025\/02\/Debaty__0029-1024x768.jpg 1024w, https:\/\/4lo.kielce.eu\/wp-content\/uploads\/2025\/02\/Debaty__0029-300x225.jpg 300w, https:\/\/4lo.kielce.eu\/wp-content\/uploads\/2025\/02\/Debaty__0029-768x576.jpg 768w, https:\/\/4lo.kielce.eu\/wp-content\/uploads\/2025\/02\/Debaty__0029-1536x1152.jpg 1536w, https:\/\/4lo.kielce.eu\/wp-content\/uploads\/2025\/02\/Debaty__0029-2048x1536.jpg 2048w, https:\/\/4lo.kielce.eu\/wp-content\/uploads\/2025\/02\/Debaty__0029-240x180.jpg 240w\" sizes=\"auto, (max-width: 1024px) 100vw, 1024px\" \/><\/figure>\n","protected":false},"excerpt":{"rendered":"<p>W dniu 27.02.2025 r. w murach IV LO w Kielcach odby\u0142 si\u0119 jeden z 12 turniej\u00f3w eliminacyjnychX edycji Turnieju Debat Oksfordzkich \u201eDeBBaty\u201d organizowanego przez Samorz\u0105d Studencki SGHw Warszawie . Przy&#8230; <\/p>\n","protected":false},"author":1,"featured_media":8063,"comment_status":"closed","ping_status":"","sticky":false,"template":"","format":"standard","meta":{"footnotes":""},"categories":[1],"tags":[],"class_list":["post-8061","post","type-post","status-publish","format-standard","has-post-thumbnail","hentry","category-bez-kategorii"],"_links":{"self":[{"href":"https:\/\/4lo.kielce.eu\/index.php\/wp-json\/wp\/v2\/posts\/8061","targetHints":{"allow":["GET"]}}],"collection":[{"href":"https:\/\/4lo.kielce.eu\/index.php\/wp-json\/wp\/v2\/posts"}],"about":[{"href":"https:\/\/4lo.kielce.eu\/index.php\/wp-json\/wp\/v2\/types\/post"}],"author":[{"embeddable":true,"href":"https:\/\/4lo.kielce.eu\/index.php\/wp-json\/wp\/v2\/users\/1"}],"replies":[{"embeddable":true,"href":"https:\/\/4lo.kielce.eu\/index.php\/wp-json\/wp\/v2\/comments?post=8061"}],"version-history":[{"count":1,"href":"https:\/\/4lo.kielce.eu\/index.php\/wp-json\/wp\/v2\/posts\/8061\/revisions"}],"predecessor-version":[{"id":8064,"href":"https:\/\/4lo.kielce.eu\/index.php\/wp-json\/wp\/v2\/posts\/8061\/revisions\/8064"}],"wp:featuredmedia":[{"embeddable":true,"href":"https:\/\/4lo.kielce.eu\/index.php\/wp-json\/wp\/v2\/media\/8063"}],"wp:attachment":[{"href":"https:\/\/4lo.kielce.eu\/index.php\/wp-json\/wp\/v2\/media?parent=8061"}],"wp:term":[{"taxonomy":"category","embeddable":true,"href":"https:\/\/4lo.kielce.eu\/index.php\/wp-json\/wp\/v2\/categories?post=8061"},{"taxonomy":"post_tag","embeddable":true,"href":"https:\/\/4lo.kielce.eu\/index.php\/wp-json\/wp\/v2\/tags?post=8061"}],"curies":[{"name":"wp","href":"https:\/\/api.w.org\/{rel}","templated":true}]}}