{"id":7631,"date":"2024-11-20T16:26:28","date_gmt":"2024-11-20T15:26:28","guid":{"rendered":"http:\/\/4lo.kielce.eu\/?p=7631"},"modified":"2024-11-20T16:26:28","modified_gmt":"2024-11-20T15:26:28","slug":"wycieczka-klasy-i-a","status":"publish","type":"post","link":"https:\/\/4lo.kielce.eu\/index.php\/2024\/11\/20\/wycieczka-klasy-i-a\/","title":{"rendered":"Wycieczka klasy I A"},"content":{"rendered":"\n<p>W dniu 19 listopada uczniowie klasy 1 A pod opiek\u0105 wychowawcy p.prof Rados\u0142awa Kowaluka i p.prof Lecha \u0141obody wzi\u0119li udzia\u0142 w warsztatach archiwalnych w Archiwum Pa\u0144stwowym w Kielcach. Zaznajomili si\u0119 z zadaniami i organizacj\u0105 sieci archiw\u00f3w w Polsce, ich rodzajami i zasadami przekazywania oraz przechowywania dokument\u00f3w. Uczniowie poznali Archiwum &#8222;od podszewki &#8221; ogl\u0105daj\u0105c nowoczesne magazyny, pracownie konserwacji i digitalizacji zasob\u00f3w. Pracownicy zapoznali z dokumentami dotycz\u0105cymi historii regionalnej oraz przedstawili programy umo\u017cliwiaj\u0105ce samodzielne badania genealogiczne. W drugiej cz\u0119\u015bci wycieczki m\u0142odzie\u017c odwiedzi\u0142a Kirkut czyli cmentarz \u017cydowski. Opiekunowie nekropolii zapoznali z dziejami spo\u0142eczno\u015bci \u017cydowskiej naszego miasta, kt\u00f3ra w pewnych okresach stanowi\u0142a 1\/3 ludno\u015bci Kielc. Szko\u0142a odnowi\u0142a udzia\u0142 w akcji &#8222;Projekt Krokus&#8221; i na terenie Szko\u0142y dosadzi kwiaty upami\u0119tniaj\u0105ce \u017cydowskie dzieci i m\u0142odzie\u017c poleg\u0142ych w okresie Holokaustu.<\/p>\n\n\n\n<figure class=\"wp-block-image size-large\"><img loading=\"lazy\" decoding=\"async\" width=\"1024\" height=\"768\" src=\"http:\/\/4lo.kielce.eu\/wp-content\/uploads\/2024\/11\/PHOTO-2024-11-20-10-32-52-1024x768.jpg\" alt=\"\" class=\"wp-image-7632\" srcset=\"https:\/\/4lo.kielce.eu\/wp-content\/uploads\/2024\/11\/PHOTO-2024-11-20-10-32-52-1024x768.jpg 1024w, https:\/\/4lo.kielce.eu\/wp-content\/uploads\/2024\/11\/PHOTO-2024-11-20-10-32-52-300x225.jpg 300w, https:\/\/4lo.kielce.eu\/wp-content\/uploads\/2024\/11\/PHOTO-2024-11-20-10-32-52-768x576.jpg 768w, https:\/\/4lo.kielce.eu\/wp-content\/uploads\/2024\/11\/PHOTO-2024-11-20-10-32-52-1536x1152.jpg 1536w, https:\/\/4lo.kielce.eu\/wp-content\/uploads\/2024\/11\/PHOTO-2024-11-20-10-32-52-240x180.jpg 240w, https:\/\/4lo.kielce.eu\/wp-content\/uploads\/2024\/11\/PHOTO-2024-11-20-10-32-52.jpg 1984w\" sizes=\"auto, (max-width: 1024px) 100vw, 1024px\" \/><\/figure>\n\n\n\n<figure class=\"wp-block-image size-large\"><img loading=\"lazy\" decoding=\"async\" width=\"1024\" height=\"768\" src=\"http:\/\/4lo.kielce.eu\/wp-content\/uploads\/2024\/11\/PHOTO-2024-11-20-10-32-53_2-1024x768.jpg\" alt=\"\" class=\"wp-image-7635\" srcset=\"https:\/\/4lo.kielce.eu\/wp-content\/uploads\/2024\/11\/PHOTO-2024-11-20-10-32-53_2-1024x768.jpg 1024w, https:\/\/4lo.kielce.eu\/wp-content\/uploads\/2024\/11\/PHOTO-2024-11-20-10-32-53_2-300x225.jpg 300w, https:\/\/4lo.kielce.eu\/wp-content\/uploads\/2024\/11\/PHOTO-2024-11-20-10-32-53_2-768x576.jpg 768w, https:\/\/4lo.kielce.eu\/wp-content\/uploads\/2024\/11\/PHOTO-2024-11-20-10-32-53_2-1536x1152.jpg 1536w, https:\/\/4lo.kielce.eu\/wp-content\/uploads\/2024\/11\/PHOTO-2024-11-20-10-32-53_2-240x180.jpg 240w, https:\/\/4lo.kielce.eu\/wp-content\/uploads\/2024\/11\/PHOTO-2024-11-20-10-32-53_2.jpg 1984w\" sizes=\"auto, (max-width: 1024px) 100vw, 1024px\" \/><\/figure>\n\n\n\n<figure class=\"wp-block-image size-large\"><img loading=\"lazy\" decoding=\"async\" width=\"1024\" height=\"768\" src=\"http:\/\/4lo.kielce.eu\/wp-content\/uploads\/2024\/11\/PHOTO-2024-11-20-10-32-54-1024x768.jpg\" alt=\"\" class=\"wp-image-7636\" srcset=\"https:\/\/4lo.kielce.eu\/wp-content\/uploads\/2024\/11\/PHOTO-2024-11-20-10-32-54-1024x768.jpg 1024w, https:\/\/4lo.kielce.eu\/wp-content\/uploads\/2024\/11\/PHOTO-2024-11-20-10-32-54-300x225.jpg 300w, https:\/\/4lo.kielce.eu\/wp-content\/uploads\/2024\/11\/PHOTO-2024-11-20-10-32-54-768x576.jpg 768w, https:\/\/4lo.kielce.eu\/wp-content\/uploads\/2024\/11\/PHOTO-2024-11-20-10-32-54-1536x1152.jpg 1536w, https:\/\/4lo.kielce.eu\/wp-content\/uploads\/2024\/11\/PHOTO-2024-11-20-10-32-54-240x180.jpg 240w, https:\/\/4lo.kielce.eu\/wp-content\/uploads\/2024\/11\/PHOTO-2024-11-20-10-32-54.jpg 1984w\" sizes=\"auto, (max-width: 1024px) 100vw, 1024px\" \/><\/figure>\n\n\n\n<figure class=\"wp-block-image size-large\"><img loading=\"lazy\" decoding=\"async\" width=\"1024\" height=\"768\" src=\"http:\/\/4lo.kielce.eu\/wp-content\/uploads\/2024\/11\/PHOTO-2024-11-20-10-32-54_1-1024x768.jpg\" alt=\"\" class=\"wp-image-7637\" srcset=\"https:\/\/4lo.kielce.eu\/wp-content\/uploads\/2024\/11\/PHOTO-2024-11-20-10-32-54_1-1024x768.jpg 1024w, https:\/\/4lo.kielce.eu\/wp-content\/uploads\/2024\/11\/PHOTO-2024-11-20-10-32-54_1-300x225.jpg 300w, https:\/\/4lo.kielce.eu\/wp-content\/uploads\/2024\/11\/PHOTO-2024-11-20-10-32-54_1-768x576.jpg 768w, https:\/\/4lo.kielce.eu\/wp-content\/uploads\/2024\/11\/PHOTO-2024-11-20-10-32-54_1-1536x1152.jpg 1536w, https:\/\/4lo.kielce.eu\/wp-content\/uploads\/2024\/11\/PHOTO-2024-11-20-10-32-54_1-240x180.jpg 240w, https:\/\/4lo.kielce.eu\/wp-content\/uploads\/2024\/11\/PHOTO-2024-11-20-10-32-54_1.jpg 1984w\" sizes=\"auto, (max-width: 1024px) 100vw, 1024px\" \/><\/figure>\n\n\n\n<figure class=\"wp-block-image size-large\"><img loading=\"lazy\" decoding=\"async\" width=\"1024\" height=\"768\" src=\"http:\/\/4lo.kielce.eu\/wp-content\/uploads\/2024\/11\/PHOTO-2024-11-20-10-34-05-1024x768.jpg\" alt=\"\" class=\"wp-image-7638\" srcset=\"https:\/\/4lo.kielce.eu\/wp-content\/uploads\/2024\/11\/PHOTO-2024-11-20-10-34-05-1024x768.jpg 1024w, https:\/\/4lo.kielce.eu\/wp-content\/uploads\/2024\/11\/PHOTO-2024-11-20-10-34-05-300x225.jpg 300w, https:\/\/4lo.kielce.eu\/wp-content\/uploads\/2024\/11\/PHOTO-2024-11-20-10-34-05-768x576.jpg 768w, https:\/\/4lo.kielce.eu\/wp-content\/uploads\/2024\/11\/PHOTO-2024-11-20-10-34-05-1536x1152.jpg 1536w, https:\/\/4lo.kielce.eu\/wp-content\/uploads\/2024\/11\/PHOTO-2024-11-20-10-34-05-240x180.jpg 240w, https:\/\/4lo.kielce.eu\/wp-content\/uploads\/2024\/11\/PHOTO-2024-11-20-10-34-05.jpg 1984w\" sizes=\"auto, (max-width: 1024px) 100vw, 1024px\" \/><\/figure>\n","protected":false},"excerpt":{"rendered":"<p>W dniu 19 listopada uczniowie klasy 1 A pod opiek\u0105 wychowawcy p.prof Rados\u0142awa Kowaluka i p.prof Lecha \u0141obody wzi\u0119li udzia\u0142 w warsztatach archiwalnych w Archiwum Pa\u0144stwowym w Kielcach. Zaznajomili si\u0119&#8230; <\/p>\n","protected":false},"author":1,"featured_media":7638,"comment_status":"closed","ping_status":"","sticky":false,"template":"","format":"standard","meta":{"footnotes":""},"categories":[1],"tags":[],"class_list":["post-7631","post","type-post","status-publish","format-standard","has-post-thumbnail","hentry","category-bez-kategorii"],"_links":{"self":[{"href":"https:\/\/4lo.kielce.eu\/index.php\/wp-json\/wp\/v2\/posts\/7631","targetHints":{"allow":["GET"]}}],"collection":[{"href":"https:\/\/4lo.kielce.eu\/index.php\/wp-json\/wp\/v2\/posts"}],"about":[{"href":"https:\/\/4lo.kielce.eu\/index.php\/wp-json\/wp\/v2\/types\/post"}],"author":[{"embeddable":true,"href":"https:\/\/4lo.kielce.eu\/index.php\/wp-json\/wp\/v2\/users\/1"}],"replies":[{"embeddable":true,"href":"https:\/\/4lo.kielce.eu\/index.php\/wp-json\/wp\/v2\/comments?post=7631"}],"version-history":[{"count":1,"href":"https:\/\/4lo.kielce.eu\/index.php\/wp-json\/wp\/v2\/posts\/7631\/revisions"}],"predecessor-version":[{"id":7639,"href":"https:\/\/4lo.kielce.eu\/index.php\/wp-json\/wp\/v2\/posts\/7631\/revisions\/7639"}],"wp:featuredmedia":[{"embeddable":true,"href":"https:\/\/4lo.kielce.eu\/index.php\/wp-json\/wp\/v2\/media\/7638"}],"wp:attachment":[{"href":"https:\/\/4lo.kielce.eu\/index.php\/wp-json\/wp\/v2\/media?parent=7631"}],"wp:term":[{"taxonomy":"category","embeddable":true,"href":"https:\/\/4lo.kielce.eu\/index.php\/wp-json\/wp\/v2\/categories?post=7631"},{"taxonomy":"post_tag","embeddable":true,"href":"https:\/\/4lo.kielce.eu\/index.php\/wp-json\/wp\/v2\/tags?post=7631"}],"curies":[{"name":"wp","href":"https:\/\/api.w.org\/{rel}","templated":true}]}}