{"id":6578,"date":"2024-04-04T21:26:52","date_gmt":"2024-04-04T19:26:52","guid":{"rendered":"http:\/\/4lo.kielce.eu\/?p=6578"},"modified":"2024-04-05T06:46:10","modified_gmt":"2024-04-05T04:46:10","slug":"druga-edycja-akademii-mlodych-reportazystow","status":"publish","type":"post","link":"https:\/\/4lo.kielce.eu\/index.php\/2024\/04\/04\/druga-edycja-akademii-mlodych-reportazystow\/","title":{"rendered":"Druga Edycja Akademii M\u0142odych Reporta\u017cyst\u00f3w"},"content":{"rendered":"\n<p>Zaproszenie dla uczni\u00f3w szk\u00f3\u0142 ponadpodstawowych z wojew\u00f3dztwa \u015bwi\u0119tokrzyskiego przyj\u0119\u0142o IV Liceum  Og\u00f3lnokszta\u0142c\u0105ce w Kielcach <\/p>\n\n\n\n<p class=\"has-text-align-center\"><\/p>\n\n\n\n<p>Dla zainteresowanych wa\u017cna informacja jest taka: rekrutacja od 15 kwietnia za po\u015brednictwem formularza zapisu dost\u0119pnego na stronie internetowej <a rel=\"noreferrer noopener\" href=\"https:\/\/akademia.ujk.edu.pl\/formularz-zapisu\/\" target=\"_blank\">https:\/\/akademia.ujk.edu.pl\/formularz-zapisu\/<\/a><\/p>\n\n\n\n<p><\/p>\n\n\n\n<p>Zaj\u0119cia w ramach drugiej edycji rozpoczn\u0105 si\u0119 w pa\u017adzierniku 2024 r. i potrwaj\u0105 do maja\/czerwca 2025 r. Warsztaty b\u0119d\u0105 odbywa\u0142y si\u0119 raz w tygodniu popo\u0142udniami. Do wyboru grupy w czwartki od 16.45-18.15, 18.30-20.00, pi\u0105tki 16.45-18.15-18.30-20.00. W ramach II edycji oferowane s\u0105 warsztaty pisania reporta\u017cu prasowego, ksi\u0105\u017ckowego, warsztaty tworzenia reporta\u017cu radiowego, telewizyjnego, warsztaty debaty oksfordzkiej, wyk\u0142ady z dziennikarzami, spotkania z podr\u00f3\u017cnikami, reporta\u017cystami.<\/p>\n\n\n\n<div class=\"wp-block-columns is-layout-flex wp-container-core-columns-is-layout-9d6595d7 wp-block-columns-is-layout-flex\">\n<div class=\"wp-block-column is-layout-flow wp-block-column-is-layout-flow\">\n<figure class=\"wp-block-image size-large\"><img loading=\"lazy\" decoding=\"async\" width=\"768\" height=\"1024\" src=\"http:\/\/4lo.kielce.eu\/wp-content\/uploads\/2024\/04\/0a124fad-cc0e-4a74-a1b2-c092dbf7b423-2-768x1024.jpg\" alt=\"\" class=\"wp-image-6587\" srcset=\"https:\/\/4lo.kielce.eu\/wp-content\/uploads\/2024\/04\/0a124fad-cc0e-4a74-a1b2-c092dbf7b423-2-768x1024.jpg 768w, https:\/\/4lo.kielce.eu\/wp-content\/uploads\/2024\/04\/0a124fad-cc0e-4a74-a1b2-c092dbf7b423-2-225x300.jpg 225w, https:\/\/4lo.kielce.eu\/wp-content\/uploads\/2024\/04\/0a124fad-cc0e-4a74-a1b2-c092dbf7b423-2-1152x1536.jpg 1152w, https:\/\/4lo.kielce.eu\/wp-content\/uploads\/2024\/04\/0a124fad-cc0e-4a74-a1b2-c092dbf7b423-2.jpg 1500w\" sizes=\"auto, (max-width: 768px) 100vw, 768px\" \/><\/figure>\n<\/div>\n\n\n\n<div class=\"wp-block-column is-layout-flow wp-block-column-is-layout-flow\">\n<figure class=\"wp-block-image size-large\"><img decoding=\"async\" src=\"http:\/\/4lo.kielce.eu\/wp-content\/uploads\/2024\/04\/2-768x1024.jpg\" alt=\"\" class=\"wp-image-6588\"\/><\/figure>\n<\/div>\n\n\n\n<div class=\"wp-block-column is-layout-flow wp-block-column-is-layout-flow\">\n<figure class=\"wp-block-image size-large\"><img loading=\"lazy\" decoding=\"async\" width=\"768\" height=\"1024\" src=\"http:\/\/4lo.kielce.eu\/wp-content\/uploads\/2024\/04\/9aa187ff-8c0c-4cd7-834c-544b1adc021e-768x1024.jpg\" alt=\"\" class=\"wp-image-6589\" srcset=\"https:\/\/4lo.kielce.eu\/wp-content\/uploads\/2024\/04\/9aa187ff-8c0c-4cd7-834c-544b1adc021e-768x1024.jpg 768w, https:\/\/4lo.kielce.eu\/wp-content\/uploads\/2024\/04\/9aa187ff-8c0c-4cd7-834c-544b1adc021e-225x300.jpg 225w, https:\/\/4lo.kielce.eu\/wp-content\/uploads\/2024\/04\/9aa187ff-8c0c-4cd7-834c-544b1adc021e-1152x1536.jpg 1152w, https:\/\/4lo.kielce.eu\/wp-content\/uploads\/2024\/04\/9aa187ff-8c0c-4cd7-834c-544b1adc021e.jpg 1500w\" sizes=\"auto, (max-width: 768px) 100vw, 768px\" \/><\/figure>\n<\/div>\n<\/div>\n","protected":false},"excerpt":{"rendered":"<p>Zaproszenie dla uczni\u00f3w szk\u00f3\u0142 ponadpodstawowych z wojew\u00f3dztwa \u015bwi\u0119tokrzyskiego przyj\u0119\u0142o IV Liceum  Og\u00f3lnokszta\u0142c\u0105ce w Kielcach.<\/p>\n","protected":false},"author":27,"featured_media":6588,"comment_status":"closed","ping_status":"","sticky":false,"template":"","format":"standard","meta":{"footnotes":""},"categories":[1],"tags":[],"class_list":["post-6578","post","type-post","status-publish","format-standard","has-post-thumbnail","hentry","category-bez-kategorii"],"_links":{"self":[{"href":"https:\/\/4lo.kielce.eu\/index.php\/wp-json\/wp\/v2\/posts\/6578","targetHints":{"allow":["GET"]}}],"collection":[{"href":"https:\/\/4lo.kielce.eu\/index.php\/wp-json\/wp\/v2\/posts"}],"about":[{"href":"https:\/\/4lo.kielce.eu\/index.php\/wp-json\/wp\/v2\/types\/post"}],"author":[{"embeddable":true,"href":"https:\/\/4lo.kielce.eu\/index.php\/wp-json\/wp\/v2\/users\/27"}],"replies":[{"embeddable":true,"href":"https:\/\/4lo.kielce.eu\/index.php\/wp-json\/wp\/v2\/comments?post=6578"}],"version-history":[{"count":7,"href":"https:\/\/4lo.kielce.eu\/index.php\/wp-json\/wp\/v2\/posts\/6578\/revisions"}],"predecessor-version":[{"id":6608,"href":"https:\/\/4lo.kielce.eu\/index.php\/wp-json\/wp\/v2\/posts\/6578\/revisions\/6608"}],"wp:featuredmedia":[{"embeddable":true,"href":"https:\/\/4lo.kielce.eu\/index.php\/wp-json\/wp\/v2\/media\/6588"}],"wp:attachment":[{"href":"https:\/\/4lo.kielce.eu\/index.php\/wp-json\/wp\/v2\/media?parent=6578"}],"wp:term":[{"taxonomy":"category","embeddable":true,"href":"https:\/\/4lo.kielce.eu\/index.php\/wp-json\/wp\/v2\/categories?post=6578"},{"taxonomy":"post_tag","embeddable":true,"href":"https:\/\/4lo.kielce.eu\/index.php\/wp-json\/wp\/v2\/tags?post=6578"}],"curies":[{"name":"wp","href":"https:\/\/api.w.org\/{rel}","templated":true}]}}