{"id":5253,"date":"2023-05-03T21:18:15","date_gmt":"2023-05-03T19:18:15","guid":{"rendered":"http:\/\/4lo.kielce.eu\/?p=5253"},"modified":"2023-05-03T21:34:16","modified_gmt":"2023-05-03T19:34:16","slug":"zakonczenie-roku-szkolnego-klas-iv","status":"publish","type":"post","link":"https:\/\/4lo.kielce.eu\/index.php\/2023\/05\/03\/zakonczenie-roku-szkolnego-klas-iv\/","title":{"rendered":"Zako\u0144czenie roku szkolnego klas IV"},"content":{"rendered":"\n<p><strong>28.04.2023r. \u2013 zako\u0144czenie roku szkolnego klas IV<\/strong>.<\/p>\n\n\n\n<p>Go\u015bcili\u015bmy z tej okazji Pana Wiceprezydenta Marcina Ch\u0142odnickiego, kt\u00f3ry wraz z Pani\u0105 Dyrektor Edyt\u0105 Lato wr\u0119cza\u0142 absolwentom dyplomy i nagrody.<\/p>\n\n\n\n<p>Po\u017cegnanie klas IV przygotowa\u0142a klasa III D z wych. Danut\u0105 Grabk\u0105.<\/p>\n\n\n\n<p>Zobacz wi\u0119cej na stronie <a href=\"https:\/\/www.kielce.eu\/pl\/aktualnosci\/za-dni-pare-wezmiesz-plecak-swoj-i-gitare-ale-najpierw-matura.html\" data-type=\"URL\" data-id=\"https:\/\/www.kielce.eu\/pl\/aktualnosci\/za-dni-pare-wezmiesz-plecak-swoj-i-gitare-ale-najpierw-matura.html\" target=\"_blank\" rel=\"noreferrer noopener\">Miasta Kielce<\/a><\/p>\n\n\n\n<figure class=\"wp-block-image size-large\"><img loading=\"lazy\" decoding=\"async\" width=\"1024\" height=\"683\" src=\"http:\/\/4lo.kielce.eu\/wp-content\/uploads\/2023\/05\/Maturzysci_cz1___003-1024x683.jpg\" alt=\"\" class=\"wp-image-5254\" srcset=\"https:\/\/4lo.kielce.eu\/wp-content\/uploads\/2023\/05\/Maturzysci_cz1___003-1024x683.jpg 1024w, https:\/\/4lo.kielce.eu\/wp-content\/uploads\/2023\/05\/Maturzysci_cz1___003-300x200.jpg 300w, https:\/\/4lo.kielce.eu\/wp-content\/uploads\/2023\/05\/Maturzysci_cz1___003-768x512.jpg 768w, https:\/\/4lo.kielce.eu\/wp-content\/uploads\/2023\/05\/Maturzysci_cz1___003-1536x1024.jpg 1536w, https:\/\/4lo.kielce.eu\/wp-content\/uploads\/2023\/05\/Maturzysci_cz1___003-2048x1365.jpg 2048w\" sizes=\"auto, (max-width: 1024px) 100vw, 1024px\" \/><\/figure>\n\n\n\n<figure class=\"wp-block-image size-large\"><img loading=\"lazy\" decoding=\"async\" width=\"683\" height=\"1024\" src=\"http:\/\/4lo.kielce.eu\/wp-content\/uploads\/2023\/05\/Maturzysci_cz1___004-683x1024.jpg\" alt=\"\" class=\"wp-image-5255\" srcset=\"https:\/\/4lo.kielce.eu\/wp-content\/uploads\/2023\/05\/Maturzysci_cz1___004-683x1024.jpg 683w, https:\/\/4lo.kielce.eu\/wp-content\/uploads\/2023\/05\/Maturzysci_cz1___004-200x300.jpg 200w, https:\/\/4lo.kielce.eu\/wp-content\/uploads\/2023\/05\/Maturzysci_cz1___004-768x1152.jpg 768w, https:\/\/4lo.kielce.eu\/wp-content\/uploads\/2023\/05\/Maturzysci_cz1___004-1024x1536.jpg 1024w, https:\/\/4lo.kielce.eu\/wp-content\/uploads\/2023\/05\/Maturzysci_cz1___004-1365x2048.jpg 1365w, https:\/\/4lo.kielce.eu\/wp-content\/uploads\/2023\/05\/Maturzysci_cz1___004-scaled.jpg 1707w\" sizes=\"auto, (max-width: 683px) 100vw, 683px\" \/><\/figure>\n\n\n\n<figure class=\"wp-block-image size-large\"><img loading=\"lazy\" decoding=\"async\" width=\"1024\" height=\"683\" src=\"http:\/\/4lo.kielce.eu\/wp-content\/uploads\/2023\/05\/Maturzysci_cz1___006-1024x683.jpg\" alt=\"\" class=\"wp-image-5256\" srcset=\"https:\/\/4lo.kielce.eu\/wp-content\/uploads\/2023\/05\/Maturzysci_cz1___006-1024x683.jpg 1024w, https:\/\/4lo.kielce.eu\/wp-content\/uploads\/2023\/05\/Maturzysci_cz1___006-300x200.jpg 300w, https:\/\/4lo.kielce.eu\/wp-content\/uploads\/2023\/05\/Maturzysci_cz1___006-768x512.jpg 768w, https:\/\/4lo.kielce.eu\/wp-content\/uploads\/2023\/05\/Maturzysci_cz1___006-1536x1024.jpg 1536w, https:\/\/4lo.kielce.eu\/wp-content\/uploads\/2023\/05\/Maturzysci_cz1___006-2048x1365.jpg 2048w\" sizes=\"auto, (max-width: 1024px) 100vw, 1024px\" \/><\/figure>\n\n\n\n<figure class=\"wp-block-image size-large\"><img loading=\"lazy\" decoding=\"async\" width=\"1024\" height=\"683\" src=\"http:\/\/4lo.kielce.eu\/wp-content\/uploads\/2023\/05\/Maturzysci_cz1___011-1024x683.jpg\" alt=\"\" class=\"wp-image-5257\" srcset=\"https:\/\/4lo.kielce.eu\/wp-content\/uploads\/2023\/05\/Maturzysci_cz1___011-1024x683.jpg 1024w, https:\/\/4lo.kielce.eu\/wp-content\/uploads\/2023\/05\/Maturzysci_cz1___011-300x200.jpg 300w, https:\/\/4lo.kielce.eu\/wp-content\/uploads\/2023\/05\/Maturzysci_cz1___011-768x512.jpg 768w, https:\/\/4lo.kielce.eu\/wp-content\/uploads\/2023\/05\/Maturzysci_cz1___011-1536x1024.jpg 1536w, https:\/\/4lo.kielce.eu\/wp-content\/uploads\/2023\/05\/Maturzysci_cz1___011-2048x1365.jpg 2048w\" sizes=\"auto, (max-width: 1024px) 100vw, 1024px\" \/><\/figure>\n\n\n\n<figure class=\"wp-block-image size-large\"><img loading=\"lazy\" decoding=\"async\" width=\"1024\" height=\"731\" src=\"http:\/\/4lo.kielce.eu\/wp-content\/uploads\/2023\/05\/Maturzysci_cz1___022-1024x731.jpg\" alt=\"\" class=\"wp-image-5258\" srcset=\"https:\/\/4lo.kielce.eu\/wp-content\/uploads\/2023\/05\/Maturzysci_cz1___022-1024x731.jpg 1024w, https:\/\/4lo.kielce.eu\/wp-content\/uploads\/2023\/05\/Maturzysci_cz1___022-300x214.jpg 300w, https:\/\/4lo.kielce.eu\/wp-content\/uploads\/2023\/05\/Maturzysci_cz1___022-768x549.jpg 768w, https:\/\/4lo.kielce.eu\/wp-content\/uploads\/2023\/05\/Maturzysci_cz1___022-1536x1097.jpg 1536w, https:\/\/4lo.kielce.eu\/wp-content\/uploads\/2023\/05\/Maturzysci_cz1___022-2048x1463.jpg 2048w\" sizes=\"auto, (max-width: 1024px) 100vw, 1024px\" \/><\/figure>\n\n\n\n<figure class=\"wp-block-image size-large\"><img loading=\"lazy\" decoding=\"async\" width=\"1024\" height=\"731\" src=\"http:\/\/4lo.kielce.eu\/wp-content\/uploads\/2023\/05\/Maturzysci_cz1___024-1024x731.jpg\" alt=\"\" class=\"wp-image-5259\" srcset=\"https:\/\/4lo.kielce.eu\/wp-content\/uploads\/2023\/05\/Maturzysci_cz1___024-1024x731.jpg 1024w, https:\/\/4lo.kielce.eu\/wp-content\/uploads\/2023\/05\/Maturzysci_cz1___024-300x214.jpg 300w, https:\/\/4lo.kielce.eu\/wp-content\/uploads\/2023\/05\/Maturzysci_cz1___024-768x549.jpg 768w, https:\/\/4lo.kielce.eu\/wp-content\/uploads\/2023\/05\/Maturzysci_cz1___024-1536x1097.jpg 1536w, https:\/\/4lo.kielce.eu\/wp-content\/uploads\/2023\/05\/Maturzysci_cz1___024-2048x1463.jpg 2048w\" sizes=\"auto, (max-width: 1024px) 100vw, 1024px\" \/><\/figure>\n\n\n\n<figure class=\"wp-block-image size-large\"><img loading=\"lazy\" decoding=\"async\" width=\"1024\" height=\"683\" src=\"http:\/\/4lo.kielce.eu\/wp-content\/uploads\/2023\/05\/Maturzysci_cz1___035-1024x683.jpg\" alt=\"\" class=\"wp-image-5260\" srcset=\"https:\/\/4lo.kielce.eu\/wp-content\/uploads\/2023\/05\/Maturzysci_cz1___035-1024x683.jpg 1024w, https:\/\/4lo.kielce.eu\/wp-content\/uploads\/2023\/05\/Maturzysci_cz1___035-300x200.jpg 300w, https:\/\/4lo.kielce.eu\/wp-content\/uploads\/2023\/05\/Maturzysci_cz1___035-768x512.jpg 768w, https:\/\/4lo.kielce.eu\/wp-content\/uploads\/2023\/05\/Maturzysci_cz1___035-1536x1024.jpg 1536w, https:\/\/4lo.kielce.eu\/wp-content\/uploads\/2023\/05\/Maturzysci_cz1___035-2048x1365.jpg 2048w\" sizes=\"auto, (max-width: 1024px) 100vw, 1024px\" \/><\/figure>\n\n\n\n<figure class=\"wp-block-image size-large\"><img loading=\"lazy\" decoding=\"async\" width=\"1024\" height=\"731\" src=\"http:\/\/4lo.kielce.eu\/wp-content\/uploads\/2023\/05\/Maturzysci_cz1___083-1024x731.jpg\" alt=\"\" class=\"wp-image-5261\" srcset=\"https:\/\/4lo.kielce.eu\/wp-content\/uploads\/2023\/05\/Maturzysci_cz1___083-1024x731.jpg 1024w, https:\/\/4lo.kielce.eu\/wp-content\/uploads\/2023\/05\/Maturzysci_cz1___083-300x214.jpg 300w, https:\/\/4lo.kielce.eu\/wp-content\/uploads\/2023\/05\/Maturzysci_cz1___083-768x549.jpg 768w, https:\/\/4lo.kielce.eu\/wp-content\/uploads\/2023\/05\/Maturzysci_cz1___083-1536x1097.jpg 1536w, https:\/\/4lo.kielce.eu\/wp-content\/uploads\/2023\/05\/Maturzysci_cz1___083-2048x1463.jpg 2048w\" sizes=\"auto, (max-width: 1024px) 100vw, 1024px\" \/><\/figure>\n\n\n\n<figure class=\"wp-block-image size-large\"><img loading=\"lazy\" decoding=\"async\" width=\"732\" height=\"1024\" src=\"http:\/\/4lo.kielce.eu\/wp-content\/uploads\/2023\/05\/Maturzysci_cz1___088-732x1024.jpg\" alt=\"\" class=\"wp-image-5262\" srcset=\"https:\/\/4lo.kielce.eu\/wp-content\/uploads\/2023\/05\/Maturzysci_cz1___088-732x1024.jpg 732w, https:\/\/4lo.kielce.eu\/wp-content\/uploads\/2023\/05\/Maturzysci_cz1___088-214x300.jpg 214w, https:\/\/4lo.kielce.eu\/wp-content\/uploads\/2023\/05\/Maturzysci_cz1___088-768x1075.jpg 768w, https:\/\/4lo.kielce.eu\/wp-content\/uploads\/2023\/05\/Maturzysci_cz1___088-1097x1536.jpg 1097w, https:\/\/4lo.kielce.eu\/wp-content\/uploads\/2023\/05\/Maturzysci_cz1___088-1463x2048.jpg 1463w, https:\/\/4lo.kielce.eu\/wp-content\/uploads\/2023\/05\/Maturzysci_cz1___088-scaled.jpg 1829w\" sizes=\"auto, (max-width: 732px) 100vw, 732px\" \/><\/figure>\n","protected":false},"excerpt":{"rendered":"<p>28.04.2023r. \u2013 zako\u0144czenie roku szkolnego klas IV. Go\u015bcili\u015bmy z tej okazji Pana Wiceprezydenta Marcina Ch\u0142odnickiego, kt\u00f3ry wraz z Pani\u0105 Dyrektor Edyt\u0105 Lato wr\u0119cza\u0142 absolwentom dyplomy i nagrody. Po\u017cegnanie klas IV&#8230; <\/p>\n","protected":false},"author":1,"featured_media":5260,"comment_status":"closed","ping_status":"","sticky":false,"template":"","format":"standard","meta":{"footnotes":""},"categories":[1],"tags":[],"class_list":["post-5253","post","type-post","status-publish","format-standard","has-post-thumbnail","hentry","category-bez-kategorii"],"_links":{"self":[{"href":"https:\/\/4lo.kielce.eu\/index.php\/wp-json\/wp\/v2\/posts\/5253","targetHints":{"allow":["GET"]}}],"collection":[{"href":"https:\/\/4lo.kielce.eu\/index.php\/wp-json\/wp\/v2\/posts"}],"about":[{"href":"https:\/\/4lo.kielce.eu\/index.php\/wp-json\/wp\/v2\/types\/post"}],"author":[{"embeddable":true,"href":"https:\/\/4lo.kielce.eu\/index.php\/wp-json\/wp\/v2\/users\/1"}],"replies":[{"embeddable":true,"href":"https:\/\/4lo.kielce.eu\/index.php\/wp-json\/wp\/v2\/comments?post=5253"}],"version-history":[{"count":3,"href":"https:\/\/4lo.kielce.eu\/index.php\/wp-json\/wp\/v2\/posts\/5253\/revisions"}],"predecessor-version":[{"id":5266,"href":"https:\/\/4lo.kielce.eu\/index.php\/wp-json\/wp\/v2\/posts\/5253\/revisions\/5266"}],"wp:featuredmedia":[{"embeddable":true,"href":"https:\/\/4lo.kielce.eu\/index.php\/wp-json\/wp\/v2\/media\/5260"}],"wp:attachment":[{"href":"https:\/\/4lo.kielce.eu\/index.php\/wp-json\/wp\/v2\/media?parent=5253"}],"wp:term":[{"taxonomy":"category","embeddable":true,"href":"https:\/\/4lo.kielce.eu\/index.php\/wp-json\/wp\/v2\/categories?post=5253"},{"taxonomy":"post_tag","embeddable":true,"href":"https:\/\/4lo.kielce.eu\/index.php\/wp-json\/wp\/v2\/tags?post=5253"}],"curies":[{"name":"wp","href":"https:\/\/api.w.org\/{rel}","templated":true}]}}