{"id":4989,"date":"2023-03-03T11:19:30","date_gmt":"2023-03-03T10:19:30","guid":{"rendered":"http:\/\/4lo.kielce.eu\/?p=4989"},"modified":"2023-03-03T11:19:30","modified_gmt":"2023-03-03T10:19:30","slug":"spotkanie-czlonkow-szkolnego-kola-turystycznego-poniedzialek-06-03-2023","status":"publish","type":"post","link":"https:\/\/4lo.kielce.eu\/index.php\/2023\/03\/03\/spotkanie-czlonkow-szkolnego-kola-turystycznego-poniedzialek-06-03-2023\/","title":{"rendered":"Spotkanie cz\u0142onk\u00f3w Szkolnego Ko\u0142a Turystycznego &#8211; poniedzia\u0142ek 06.03.2023"},"content":{"rendered":"\n<blockquote class=\"wp-block-quote is-layout-flow wp-block-quote-is-layout-flow\">\n<p>          W poniedzia\u0142ek 6 marca 2023 roku o godzinie 8:50 w sali 29 odb\u0119dzie si\u0119 spotkanie informacyjne   z Panem Dawidem Pawlikiem cz\u0142onkiem zarz\u0105du kieleckiego PTTK dotycz\u0105ce dzia\u0142alno\u015bci naszego ko\u0142a w ramach struktur PTTK oraz dzia\u0142alno\u015bci M\u0142odzie\u017cowego Klubu Turystyczno-Krajoznawczego \u201cAutsajder\u201d.<\/p>\n\n\n\n<p>Zapraszamy wszystkich cz\u0142onk\u00f3w ko\u0142a i innych zainteresowanych, a szczeg\u00f3lnie osoby lubi\u0105ce aktywny wypoczynek oraz turystyk\u0119.<\/p>\n\n\n\n<p>Bogusia Marczewska, Agnieszka Zieli\u0144ska i Micha\u0142 \u0106wierz<\/p>\n<\/blockquote>\n\n\n\n<figure class=\"wp-block-gallery has-nested-images columns-default is-cropped wp-block-gallery-1 is-layout-flex wp-block-gallery-is-layout-flex\">\n<figure class=\"wp-block-image size-large\"><img loading=\"lazy\" decoding=\"async\" width=\"2560\" height=\"1600\" data-id=\"4991\" src=\"http:\/\/4lo.kielce.eu\/wp-content\/uploads\/2023\/03\/20221021_133333-edited-scaled.jpg\" alt=\"\" class=\"wp-image-4991\" srcset=\"https:\/\/4lo.kielce.eu\/wp-content\/uploads\/2023\/03\/20221021_133333-edited-scaled.jpg 2560w, https:\/\/4lo.kielce.eu\/wp-content\/uploads\/2023\/03\/20221021_133333-edited-300x188.jpg 300w, https:\/\/4lo.kielce.eu\/wp-content\/uploads\/2023\/03\/20221021_133333-edited-1024x640.jpg 1024w, https:\/\/4lo.kielce.eu\/wp-content\/uploads\/2023\/03\/20221021_133333-edited-768x480.jpg 768w, https:\/\/4lo.kielce.eu\/wp-content\/uploads\/2023\/03\/20221021_133333-edited-1536x960.jpg 1536w, https:\/\/4lo.kielce.eu\/wp-content\/uploads\/2023\/03\/20221021_133333-edited-2048x1280.jpg 2048w\" sizes=\"auto, (max-width: 2560px) 100vw, 2560px\" \/><figcaption class=\"wp-element-caption\">Szykujmy si\u0119 do w\u0119drowania \ud83d\ude42<\/figcaption><\/figure>\n<\/figure>\n","protected":false},"excerpt":{"rendered":"<p>W poniedzia\u0142ek 6 marca 2023 roku o godzinie 8:50 w sali 29 odb\u0119dzie si\u0119 spotkanie informacyjne z Panem Dawidem Pawlikiem cz\u0142onkiem zarz\u0105du kieleckiego PTTK dotycz\u0105ce dzia\u0142alno\u015bci naszego ko\u0142a w ramach&#8230; <\/p>\n","protected":false},"author":24,"featured_media":0,"comment_status":"closed","ping_status":"","sticky":false,"template":"","format":"standard","meta":{"footnotes":""},"categories":[1],"tags":[],"class_list":["post-4989","post","type-post","status-publish","format-standard","hentry","category-bez-kategorii"],"_links":{"self":[{"href":"https:\/\/4lo.kielce.eu\/index.php\/wp-json\/wp\/v2\/posts\/4989","targetHints":{"allow":["GET"]}}],"collection":[{"href":"https:\/\/4lo.kielce.eu\/index.php\/wp-json\/wp\/v2\/posts"}],"about":[{"href":"https:\/\/4lo.kielce.eu\/index.php\/wp-json\/wp\/v2\/types\/post"}],"author":[{"embeddable":true,"href":"https:\/\/4lo.kielce.eu\/index.php\/wp-json\/wp\/v2\/users\/24"}],"replies":[{"embeddable":true,"href":"https:\/\/4lo.kielce.eu\/index.php\/wp-json\/wp\/v2\/comments?post=4989"}],"version-history":[{"count":1,"href":"https:\/\/4lo.kielce.eu\/index.php\/wp-json\/wp\/v2\/posts\/4989\/revisions"}],"predecessor-version":[{"id":4992,"href":"https:\/\/4lo.kielce.eu\/index.php\/wp-json\/wp\/v2\/posts\/4989\/revisions\/4992"}],"wp:attachment":[{"href":"https:\/\/4lo.kielce.eu\/index.php\/wp-json\/wp\/v2\/media?parent=4989"}],"wp:term":[{"taxonomy":"category","embeddable":true,"href":"https:\/\/4lo.kielce.eu\/index.php\/wp-json\/wp\/v2\/categories?post=4989"},{"taxonomy":"post_tag","embeddable":true,"href":"https:\/\/4lo.kielce.eu\/index.php\/wp-json\/wp\/v2\/tags?post=4989"}],"curies":[{"name":"wp","href":"https:\/\/api.w.org\/{rel}","templated":true}]}}