{"id":4508,"date":"2022-11-10T16:28:11","date_gmt":"2022-11-10T15:28:11","guid":{"rendered":"http:\/\/4lo.kielce.eu\/?p=4508"},"modified":"2022-11-11T17:05:40","modified_gmt":"2022-11-11T16:05:40","slug":"spiewajaca-lekcja-historii","status":"publish","type":"post","link":"https:\/\/4lo.kielce.eu\/index.php\/2022\/11\/10\/spiewajaca-lekcja-historii\/","title":{"rendered":"\u015aPIEWAJ\u0104CA LEKCJA HISTORII"},"content":{"rendered":"\n<p class=\"has-text-align-center\">W przeddzie\u0144 104 rocznicy odzyskania przez Polsk\u0119 niepodleg\u0142o\u015bci w IV LO w Kielcach odby\u0142a si\u0119 <em>\u015apiewaj\u0105ca Lekcja Historii<\/em>. <\/p>\n\n\n\n<p class=\"has-text-align-center\">Uczniowie kl. III C przypomnieli kole\u017cankom i kolegom wydarzenia, kt\u00f3re doprowadzi\u0142y do powrotu Polski na mapy Europy. Wspomnieli o <em>Ojcach Niepodleg\u0142o\u015bci<\/em> i ich r\u00f3\u017cnych wizjach Polski, ale wsp\u00f3lnym celu &#8211; wolno\u015bci i suwerenno\u015bci ojczyzny.<\/p>\n\n\n\n<p class=\"has-text-align-center\"> Natomiast uczniowie klas drugich przygotowali koncert pie\u015bni patriotycznych po\u0142\u0105czony z konkursem na najpi\u0119kniejsze wykonanie utwor\u00f3w legionowych. Rozpocz\u0119\u0142a go kl. III D &#8211; laureaci z ubieg\u0142ego roku, zapewniaj\u0105c, \u017ce<em> Niepodleg\u0142a, niepokorna (&#8230;) bije rytmem naszych serc.<\/em>  M\u0142odzie\u017c \u015bpiewa\u0142a <em> <\/em>o szarej piechocie, rozkwitaj\u0105cych p\u0105kach bia\u0142ych r\u00f3\u017c, Pierwszej Kadrowej i o Pierwszej Brygadzie. Uczniowie poznali tak\u017ce histori\u0119 ka\u017cdej z pie\u015bni.<em> <\/em>Zwyci\u0119\u017cy\u0142a klasa II D, brawurowo informuj\u0105c o przybyciu u\u0142an\u00f3w pod okienko. Serdecznie gratulujemy! <\/p>\n\n\n\n<p class=\"has-text-align-center\">Pani dyr Edyta Lato, dzi\u0119kuj\u0105c uczniom za zaanga\u017cowanie si\u0119 w obchody Dnia Niepodleg\u0142o\u015bci oraz p.prof. Kindze Kal-Kasprzyk i p.prof. \u0141ukaszowi Jaszczykowi za budowanie atmosfery wsp\u00f3lnoty i patriotyzmu, wspomnia\u0142a o wielkiej warto\u015bci, jak\u0105 jest wolno\u015b\u0107.<\/p>\n\n\n\n<p class=\"has-text-align-center\"><\/p>\n\n\n\n<figure class=\"wp-block-image size-large\"><img loading=\"lazy\" decoding=\"async\" width=\"746\" height=\"1024\" src=\"http:\/\/4lo.kielce.eu\/wp-content\/uploads\/2022\/11\/1-746x1024.jpg\" alt=\"\" class=\"wp-image-4513\" srcset=\"https:\/\/4lo.kielce.eu\/wp-content\/uploads\/2022\/11\/1-746x1024.jpg 746w, https:\/\/4lo.kielce.eu\/wp-content\/uploads\/2022\/11\/1-218x300.jpg 218w, https:\/\/4lo.kielce.eu\/wp-content\/uploads\/2022\/11\/1-768x1055.jpg 768w, https:\/\/4lo.kielce.eu\/wp-content\/uploads\/2022\/11\/1-1118x1536.jpg 1118w, https:\/\/4lo.kielce.eu\/wp-content\/uploads\/2022\/11\/1-1491x2048.jpg 1491w, https:\/\/4lo.kielce.eu\/wp-content\/uploads\/2022\/11\/1-scaled.jpg 1864w\" sizes=\"auto, (max-width: 746px) 100vw, 746px\" \/><\/figure>\n\n\n\n<figure class=\"wp-block-image size-large\"><img loading=\"lazy\" decoding=\"async\" width=\"1024\" height=\"683\" src=\"http:\/\/4lo.kielce.eu\/wp-content\/uploads\/2022\/11\/12-1024x683.jpg\" alt=\"\" class=\"wp-image-4515\" srcset=\"https:\/\/4lo.kielce.eu\/wp-content\/uploads\/2022\/11\/12-1024x683.jpg 1024w, https:\/\/4lo.kielce.eu\/wp-content\/uploads\/2022\/11\/12-300x200.jpg 300w, https:\/\/4lo.kielce.eu\/wp-content\/uploads\/2022\/11\/12-768x512.jpg 768w, https:\/\/4lo.kielce.eu\/wp-content\/uploads\/2022\/11\/12-1536x1024.jpg 1536w, https:\/\/4lo.kielce.eu\/wp-content\/uploads\/2022\/11\/12-2048x1365.jpg 2048w\" sizes=\"auto, (max-width: 1024px) 100vw, 1024px\" \/><\/figure>\n\n\n\n<figure class=\"wp-block-image size-large\"><img loading=\"lazy\" decoding=\"async\" width=\"1024\" height=\"683\" src=\"http:\/\/4lo.kielce.eu\/wp-content\/uploads\/2022\/11\/11-1024x683.jpg\" alt=\"\" class=\"wp-image-4516\" srcset=\"https:\/\/4lo.kielce.eu\/wp-content\/uploads\/2022\/11\/11-1024x683.jpg 1024w, https:\/\/4lo.kielce.eu\/wp-content\/uploads\/2022\/11\/11-300x200.jpg 300w, https:\/\/4lo.kielce.eu\/wp-content\/uploads\/2022\/11\/11-768x512.jpg 768w, https:\/\/4lo.kielce.eu\/wp-content\/uploads\/2022\/11\/11-1536x1024.jpg 1536w, https:\/\/4lo.kielce.eu\/wp-content\/uploads\/2022\/11\/11-2048x1365.jpg 2048w\" sizes=\"auto, (max-width: 1024px) 100vw, 1024px\" \/><\/figure>\n\n\n\n<figure class=\"wp-block-image size-large\"><img loading=\"lazy\" decoding=\"async\" width=\"1024\" height=\"683\" src=\"http:\/\/4lo.kielce.eu\/wp-content\/uploads\/2022\/11\/18-1024x683.jpg\" alt=\"\" class=\"wp-image-4517\" srcset=\"https:\/\/4lo.kielce.eu\/wp-content\/uploads\/2022\/11\/18-1024x683.jpg 1024w, https:\/\/4lo.kielce.eu\/wp-content\/uploads\/2022\/11\/18-300x200.jpg 300w, https:\/\/4lo.kielce.eu\/wp-content\/uploads\/2022\/11\/18-768x512.jpg 768w, https:\/\/4lo.kielce.eu\/wp-content\/uploads\/2022\/11\/18-1536x1024.jpg 1536w, https:\/\/4lo.kielce.eu\/wp-content\/uploads\/2022\/11\/18-2048x1365.jpg 2048w\" sizes=\"auto, (max-width: 1024px) 100vw, 1024px\" \/><\/figure>\n\n\n\n<figure class=\"wp-block-image size-large\"><img loading=\"lazy\" decoding=\"async\" width=\"1024\" height=\"683\" src=\"http:\/\/4lo.kielce.eu\/wp-content\/uploads\/2022\/11\/22-1024x683.jpg\" alt=\"\" class=\"wp-image-4518\" srcset=\"https:\/\/4lo.kielce.eu\/wp-content\/uploads\/2022\/11\/22-1024x683.jpg 1024w, https:\/\/4lo.kielce.eu\/wp-content\/uploads\/2022\/11\/22-300x200.jpg 300w, https:\/\/4lo.kielce.eu\/wp-content\/uploads\/2022\/11\/22-768x512.jpg 768w, https:\/\/4lo.kielce.eu\/wp-content\/uploads\/2022\/11\/22-1536x1024.jpg 1536w, https:\/\/4lo.kielce.eu\/wp-content\/uploads\/2022\/11\/22-2048x1365.jpg 2048w\" sizes=\"auto, (max-width: 1024px) 100vw, 1024px\" \/><\/figure>\n\n\n\n<figure class=\"wp-block-image size-large\"><img loading=\"lazy\" decoding=\"async\" width=\"1024\" height=\"683\" src=\"http:\/\/4lo.kielce.eu\/wp-content\/uploads\/2022\/11\/96-1024x683.jpg\" alt=\"\" class=\"wp-image-4519\" srcset=\"https:\/\/4lo.kielce.eu\/wp-content\/uploads\/2022\/11\/96-1024x683.jpg 1024w, https:\/\/4lo.kielce.eu\/wp-content\/uploads\/2022\/11\/96-300x200.jpg 300w, https:\/\/4lo.kielce.eu\/wp-content\/uploads\/2022\/11\/96-768x512.jpg 768w, https:\/\/4lo.kielce.eu\/wp-content\/uploads\/2022\/11\/96-1536x1024.jpg 1536w, https:\/\/4lo.kielce.eu\/wp-content\/uploads\/2022\/11\/96-2048x1365.jpg 2048w\" sizes=\"auto, (max-width: 1024px) 100vw, 1024px\" \/><\/figure>\n","protected":false},"excerpt":{"rendered":"<p>W przeddzie\u0144 104 rocznicy odzyskania przez Polsk\u0119 niepodleg\u0142o\u015bci w IV LO w Kielcach odby\u0142a si\u0119 \u015apiewaj\u0105ca Lekcja Historii. Uczniowie kl. III C przypomnieli kole\u017cankom i kolegom wydarzenia, kt\u00f3re doprowadzi\u0142y do&#8230; <\/p>\n","protected":false},"author":31,"featured_media":4513,"comment_status":"closed","ping_status":"","sticky":false,"template":"","format":"standard","meta":{"footnotes":""},"categories":[1],"tags":[],"class_list":["post-4508","post","type-post","status-publish","format-standard","has-post-thumbnail","hentry","category-bez-kategorii"],"_links":{"self":[{"href":"https:\/\/4lo.kielce.eu\/index.php\/wp-json\/wp\/v2\/posts\/4508","targetHints":{"allow":["GET"]}}],"collection":[{"href":"https:\/\/4lo.kielce.eu\/index.php\/wp-json\/wp\/v2\/posts"}],"about":[{"href":"https:\/\/4lo.kielce.eu\/index.php\/wp-json\/wp\/v2\/types\/post"}],"author":[{"embeddable":true,"href":"https:\/\/4lo.kielce.eu\/index.php\/wp-json\/wp\/v2\/users\/31"}],"replies":[{"embeddable":true,"href":"https:\/\/4lo.kielce.eu\/index.php\/wp-json\/wp\/v2\/comments?post=4508"}],"version-history":[{"count":3,"href":"https:\/\/4lo.kielce.eu\/index.php\/wp-json\/wp\/v2\/posts\/4508\/revisions"}],"predecessor-version":[{"id":4520,"href":"https:\/\/4lo.kielce.eu\/index.php\/wp-json\/wp\/v2\/posts\/4508\/revisions\/4520"}],"wp:featuredmedia":[{"embeddable":true,"href":"https:\/\/4lo.kielce.eu\/index.php\/wp-json\/wp\/v2\/media\/4513"}],"wp:attachment":[{"href":"https:\/\/4lo.kielce.eu\/index.php\/wp-json\/wp\/v2\/media?parent=4508"}],"wp:term":[{"taxonomy":"category","embeddable":true,"href":"https:\/\/4lo.kielce.eu\/index.php\/wp-json\/wp\/v2\/categories?post=4508"},{"taxonomy":"post_tag","embeddable":true,"href":"https:\/\/4lo.kielce.eu\/index.php\/wp-json\/wp\/v2\/tags?post=4508"}],"curies":[{"name":"wp","href":"https:\/\/api.w.org\/{rel}","templated":true}]}}