{"id":4070,"date":"2022-09-09T18:41:00","date_gmt":"2022-09-09T16:41:00","guid":{"rendered":"http:\/\/4lo.kielce.eu\/?p=4070"},"modified":"2022-09-09T18:41:00","modified_gmt":"2022-09-09T16:41:00","slug":"rajd-integracyjny-iv-lo","status":"publish","type":"post","link":"https:\/\/4lo.kielce.eu\/index.php\/2022\/09\/09\/rajd-integracyjny-iv-lo\/","title":{"rendered":"Rajd integracyjny IV LO"},"content":{"rendered":"\n<p class=\"has-text-align-center\">W dniach 7-9 wrze\u015bnia 2022 r. uczni\u00f3w i nauczycieli IV LO mo\u017cna by\u0142o spotka\u0107 na \u015bwi\u0119tokrzyskich szlakach. Uczestniczyli w rajdzie, kt\u00f3rego celem by\u0142y integracja spo\u0142eczno\u015bci szkolnej oraz poznawanie  G\u00f3r \u015awi\u0119tokrzyskich. W tych dniach wszystkie \u015bcie\u017cki prowadzi\u0142y do \u015awi\u0119tej Katarzyny, gdzie na uczni\u00f3w klas I, II i III czeka\u0142y niespodzianki i zabawy przygotowane przez kole\u017canki i koleg\u00f3w z kl. IV.<\/p>\n\n\n\n<p class=\"has-text-align-center\">Rajd przebiega\u0142 w mi\u0142ej atmosferze, humory dopisywa\u0142y, nie zawiod\u0142a tak\u017ce pogoda.<\/p>\n\n\n\n<div class=\"wp-block-columns is-layout-flex wp-container-core-columns-is-layout-9d6595d7 wp-block-columns-is-layout-flex\">\n<div class=\"wp-block-column is-layout-flow wp-block-column-is-layout-flow\">\n<figure class=\"wp-block-image size-large\"><img loading=\"lazy\" decoding=\"async\" width=\"1024\" height=\"766\" src=\"http:\/\/4lo.kielce.eu\/wp-content\/uploads\/2022\/09\/IMG_20220908_135544-1-1024x766.jpg\" alt=\"\" class=\"wp-image-4076\" srcset=\"https:\/\/4lo.kielce.eu\/wp-content\/uploads\/2022\/09\/IMG_20220908_135544-1-1024x766.jpg 1024w, https:\/\/4lo.kielce.eu\/wp-content\/uploads\/2022\/09\/IMG_20220908_135544-1-300x224.jpg 300w, https:\/\/4lo.kielce.eu\/wp-content\/uploads\/2022\/09\/IMG_20220908_135544-1-768x574.jpg 768w, https:\/\/4lo.kielce.eu\/wp-content\/uploads\/2022\/09\/IMG_20220908_135544-1-1536x1149.jpg 1536w, https:\/\/4lo.kielce.eu\/wp-content\/uploads\/2022\/09\/IMG_20220908_135544-1-2048x1532.jpg 2048w, https:\/\/4lo.kielce.eu\/wp-content\/uploads\/2022\/09\/IMG_20220908_135544-1-240x180.jpg 240w\" sizes=\"auto, (max-width: 1024px) 100vw, 1024px\" \/><\/figure>\n<\/div>\n\n\n\n<div class=\"wp-block-column is-layout-flow wp-block-column-is-layout-flow\">\n<figure class=\"wp-block-image size-large\"><img loading=\"lazy\" decoding=\"async\" width=\"1024\" height=\"766\" src=\"http:\/\/4lo.kielce.eu\/wp-content\/uploads\/2022\/09\/IMG_20220908_135548-4-1024x766.jpg\" alt=\"\" class=\"wp-image-4077\" srcset=\"https:\/\/4lo.kielce.eu\/wp-content\/uploads\/2022\/09\/IMG_20220908_135548-4-1024x766.jpg 1024w, https:\/\/4lo.kielce.eu\/wp-content\/uploads\/2022\/09\/IMG_20220908_135548-4-300x224.jpg 300w, https:\/\/4lo.kielce.eu\/wp-content\/uploads\/2022\/09\/IMG_20220908_135548-4-768x574.jpg 768w, https:\/\/4lo.kielce.eu\/wp-content\/uploads\/2022\/09\/IMG_20220908_135548-4-1536x1149.jpg 1536w, https:\/\/4lo.kielce.eu\/wp-content\/uploads\/2022\/09\/IMG_20220908_135548-4-2048x1532.jpg 2048w, https:\/\/4lo.kielce.eu\/wp-content\/uploads\/2022\/09\/IMG_20220908_135548-4-240x180.jpg 240w\" sizes=\"auto, (max-width: 1024px) 100vw, 1024px\" \/><\/figure>\n<\/div>\n\n\n\n<div class=\"wp-block-column is-layout-flow wp-block-column-is-layout-flow\">\n<figure class=\"wp-block-image size-medium is-style-default\"><img loading=\"lazy\" decoding=\"async\" width=\"224\" height=\"300\" src=\"http:\/\/4lo.kielce.eu\/wp-content\/uploads\/2022\/09\/IMG_20220908_133535-224x300.jpg\" alt=\"\" class=\"wp-image-4078\" srcset=\"https:\/\/4lo.kielce.eu\/wp-content\/uploads\/2022\/09\/IMG_20220908_133535-224x300.jpg 224w, https:\/\/4lo.kielce.eu\/wp-content\/uploads\/2022\/09\/IMG_20220908_133535-766x1024.jpg 766w, https:\/\/4lo.kielce.eu\/wp-content\/uploads\/2022\/09\/IMG_20220908_133535-768x1027.jpg 768w, https:\/\/4lo.kielce.eu\/wp-content\/uploads\/2022\/09\/IMG_20220908_133535-1149x1536.jpg 1149w, https:\/\/4lo.kielce.eu\/wp-content\/uploads\/2022\/09\/IMG_20220908_133535-1532x2048.jpg 1532w, https:\/\/4lo.kielce.eu\/wp-content\/uploads\/2022\/09\/IMG_20220908_133535-scaled.jpg 1915w\" sizes=\"auto, (max-width: 224px) 100vw, 224px\" \/><\/figure>\n<\/div>\n<\/div>\n\n\n\n<p><\/p>\n","protected":false},"excerpt":{"rendered":"<p>W dniach 7-9 wrze\u015bnia 2022 r. uczni\u00f3w i nauczycieli IV LO mo\u017cna by\u0142o spotka\u0107 na \u015bwi\u0119tokrzyskich szlakach. Uczestniczyli w rajdzie, kt\u00f3rego celem by\u0142y integracja spo\u0142eczno\u015bci szkolnej oraz poznawanie G\u00f3r \u015awi\u0119tokrzyskich&#8230;. <\/p>\n","protected":false},"author":31,"featured_media":4071,"comment_status":"closed","ping_status":"","sticky":false,"template":"","format":"standard","meta":{"footnotes":""},"categories":[1],"tags":[],"class_list":["post-4070","post","type-post","status-publish","format-standard","has-post-thumbnail","hentry","category-bez-kategorii"],"_links":{"self":[{"href":"https:\/\/4lo.kielce.eu\/index.php\/wp-json\/wp\/v2\/posts\/4070","targetHints":{"allow":["GET"]}}],"collection":[{"href":"https:\/\/4lo.kielce.eu\/index.php\/wp-json\/wp\/v2\/posts"}],"about":[{"href":"https:\/\/4lo.kielce.eu\/index.php\/wp-json\/wp\/v2\/types\/post"}],"author":[{"embeddable":true,"href":"https:\/\/4lo.kielce.eu\/index.php\/wp-json\/wp\/v2\/users\/31"}],"replies":[{"embeddable":true,"href":"https:\/\/4lo.kielce.eu\/index.php\/wp-json\/wp\/v2\/comments?post=4070"}],"version-history":[{"count":1,"href":"https:\/\/4lo.kielce.eu\/index.php\/wp-json\/wp\/v2\/posts\/4070\/revisions"}],"predecessor-version":[{"id":4079,"href":"https:\/\/4lo.kielce.eu\/index.php\/wp-json\/wp\/v2\/posts\/4070\/revisions\/4079"}],"wp:featuredmedia":[{"embeddable":true,"href":"https:\/\/4lo.kielce.eu\/index.php\/wp-json\/wp\/v2\/media\/4071"}],"wp:attachment":[{"href":"https:\/\/4lo.kielce.eu\/index.php\/wp-json\/wp\/v2\/media?parent=4070"}],"wp:term":[{"taxonomy":"category","embeddable":true,"href":"https:\/\/4lo.kielce.eu\/index.php\/wp-json\/wp\/v2\/categories?post=4070"},{"taxonomy":"post_tag","embeddable":true,"href":"https:\/\/4lo.kielce.eu\/index.php\/wp-json\/wp\/v2\/tags?post=4070"}],"curies":[{"name":"wp","href":"https:\/\/api.w.org\/{rel}","templated":true}]}}