{"id":10275,"date":"2026-09-04T18:18:25","date_gmt":"2026-09-04T16:18:25","guid":{"rendered":"https:\/\/4lo.kielce.eu\/?p=10275"},"modified":"2026-09-04T18:18:25","modified_gmt":"2026-09-04T16:18:25","slug":"iv-lo-czyta-dziady","status":"publish","type":"post","link":"https:\/\/4lo.kielce.eu\/index.php\/2026\/09\/04\/iv-lo-czyta-dziady\/","title":{"rendered":"IV LO CZYTA ,,DZIADY&#8221;"},"content":{"rendered":"\n<p class=\"wp-block-paragraph\">W przeddzie\u0144 og\u00f3lnopolskiego fina\u0142u Narodowego Czytania uczniowie IV LO w Kielcach czytali ,,lektur\u0119 lektur&#8221;, czyli ,,Dziady&#8221; Adama Mickiewicza. Ju\u017c 4 wrze\u015bnia w naszej szkole s\u0142ycha\u0107 by\u0142o: ,,Ciemno wsz\u0119dzie, g\u0142ucho wsz\u0119dzie,\/Co to b\u0119dzie, co to b\u0119dzie?&#8221;. Mocno wybrzmia\u0142y te\u017c przestrogi duch\u00f3w z II cz\u0119\u015bci dramatu. Nie zabrak\u0142o lamentu Pani Rollison, obaw Senatora, monologu Konrada i oceny spo\u0142ecze\u0144stwa polskiego. Publiczno\u015b\u0107 z ogromn\u0105 uwag\u0105 s\u0142ucha\u0142a fragment\u00f3w i bezb\u0142\u0119dnie odpowiada\u0142a na pytania, sprawdzaj\u0105ce znajomo\u015b\u0107 dzie\u0142a wieszcza.<\/p>\n\n\n\n<div class=\"wp-block-columns is-layout-flex wp-container-core-columns-is-layout-8f761849 wp-block-columns-is-layout-flex\">\n<div class=\"wp-block-column is-layout-flow wp-block-column-is-layout-flow\">\n<figure class=\"wp-block-image size-large\"><img loading=\"lazy\" decoding=\"async\" width=\"1024\" height=\"746\" src=\"https:\/\/4lo.kielce.eu\/wp-content\/uploads\/2026\/09\/1788534879772-1024x746.jpg\" alt=\"\" class=\"wp-image-10279\" srcset=\"https:\/\/4lo.kielce.eu\/wp-content\/uploads\/2026\/09\/1788534879772-1024x746.jpg 1024w, https:\/\/4lo.kielce.eu\/wp-content\/uploads\/2026\/09\/1788534879772-300x218.jpg 300w, https:\/\/4lo.kielce.eu\/wp-content\/uploads\/2026\/09\/1788534879772-768x559.jpg 768w, https:\/\/4lo.kielce.eu\/wp-content\/uploads\/2026\/09\/1788534879772-1536x1118.jpg 1536w, https:\/\/4lo.kielce.eu\/wp-content\/uploads\/2026\/09\/1788534879772-2048x1491.jpg 2048w\" sizes=\"auto, (max-width: 1024px) 100vw, 1024px\" \/><\/figure>\n<\/div>\n\n\n\n<div class=\"wp-block-column is-layout-flow wp-block-column-is-layout-flow\">\n<figure class=\"wp-block-image size-large is-resized\"><img loading=\"lazy\" decoding=\"async\" width=\"1024\" height=\"873\" src=\"https:\/\/4lo.kielce.eu\/wp-content\/uploads\/2026\/09\/1788537065543-1024x873.jpg\" alt=\"\" class=\"wp-image-10280\" style=\"aspect-ratio:1.172980084380529;width:346px;height:auto\" srcset=\"https:\/\/4lo.kielce.eu\/wp-content\/uploads\/2026\/09\/1788537065543-1024x873.jpg 1024w, https:\/\/4lo.kielce.eu\/wp-content\/uploads\/2026\/09\/1788537065543-300x256.jpg 300w, https:\/\/4lo.kielce.eu\/wp-content\/uploads\/2026\/09\/1788537065543-768x654.jpg 768w, https:\/\/4lo.kielce.eu\/wp-content\/uploads\/2026\/09\/1788537065543-1536x1309.jpg 1536w, https:\/\/4lo.kielce.eu\/wp-content\/uploads\/2026\/09\/1788537065543-2048x1745.jpg 2048w\" sizes=\"auto, (max-width: 1024px) 100vw, 1024px\" \/><\/figure>\n<\/div>\n<\/div>\n\n\n\n<div class=\"wp-block-columns is-layout-flex wp-container-core-columns-is-layout-8f761849 wp-block-columns-is-layout-flex\">\n<div class=\"wp-block-column is-layout-flow wp-block-column-is-layout-flow\">\n<figure class=\"wp-block-image size-large\"><img loading=\"lazy\" decoding=\"async\" width=\"1024\" height=\"601\" src=\"https:\/\/4lo.kielce.eu\/wp-content\/uploads\/2026\/09\/1788536930199-1-1024x601.jpg\" alt=\"\" class=\"wp-image-10281\" srcset=\"https:\/\/4lo.kielce.eu\/wp-content\/uploads\/2026\/09\/1788536930199-1-1024x601.jpg 1024w, https:\/\/4lo.kielce.eu\/wp-content\/uploads\/2026\/09\/1788536930199-1-300x176.jpg 300w, https:\/\/4lo.kielce.eu\/wp-content\/uploads\/2026\/09\/1788536930199-1-768x451.jpg 768w, https:\/\/4lo.kielce.eu\/wp-content\/uploads\/2026\/09\/1788536930199-1-1536x901.jpg 1536w, https:\/\/4lo.kielce.eu\/wp-content\/uploads\/2026\/09\/1788536930199-1.jpg 2028w\" sizes=\"auto, (max-width: 1024px) 100vw, 1024px\" \/><\/figure>\n<\/div>\n\n\n\n<div class=\"wp-block-column is-layout-flow wp-block-column-is-layout-flow\">\n<figure class=\"wp-block-image size-large\"><img loading=\"lazy\" decoding=\"async\" width=\"1024\" height=\"796\" src=\"https:\/\/4lo.kielce.eu\/wp-content\/uploads\/2026\/09\/1788537716730-1024x796.jpg\" alt=\"\" class=\"wp-image-10283\" srcset=\"https:\/\/4lo.kielce.eu\/wp-content\/uploads\/2026\/09\/1788537716730-1024x796.jpg 1024w, https:\/\/4lo.kielce.eu\/wp-content\/uploads\/2026\/09\/1788537716730-300x233.jpg 300w, https:\/\/4lo.kielce.eu\/wp-content\/uploads\/2026\/09\/1788537716730-768x597.jpg 768w, https:\/\/4lo.kielce.eu\/wp-content\/uploads\/2026\/09\/1788537716730-1536x1193.jpg 1536w, https:\/\/4lo.kielce.eu\/wp-content\/uploads\/2026\/09\/1788537716730-2048x1591.jpg 2048w\" sizes=\"auto, (max-width: 1024px) 100vw, 1024px\" \/><\/figure>\n<\/div>\n<\/div>\n\n\n<figure class=\"wp-block-post-featured-image\"><img loading=\"lazy\" decoding=\"async\" width=\"240\" height=\"180\" src=\"https:\/\/4lo.kielce.eu\/wp-content\/uploads\/2026\/09\/1788537805275-240x180.jpg\" class=\"attachment-post-thumbnail size-post-thumbnail wp-post-image\" alt=\"\" style=\"object-fit:cover;\" \/><\/figure>","protected":false},"excerpt":{"rendered":"<p>W przeddzie\u0144 og\u00f3lnopolskiego fina\u0142u Narodowego Czytania uczniowie IV LO w Kielcach czytali ,,lektur\u0119 lektur&#8221;, czyli ,,Dziady&#8221; Adama Mickiewicza. Ju\u017c 4 wrze\u015bnia w naszej szkole s\u0142ycha\u0107 by\u0142o: ,,Ciemno wsz\u0119dzie, g\u0142ucho wsz\u0119dzie,\/Co&#8230; <\/p>\n","protected":false},"author":31,"featured_media":10284,"comment_status":"closed","ping_status":"","sticky":false,"template":"","format":"standard","meta":{"footnotes":""},"categories":[1],"tags":[],"class_list":["post-10275","post","type-post","status-publish","format-standard","has-post-thumbnail","hentry","category-bez-kategorii"],"_links":{"self":[{"href":"https:\/\/4lo.kielce.eu\/index.php\/wp-json\/wp\/v2\/posts\/10275","targetHints":{"allow":["GET"]}}],"collection":[{"href":"https:\/\/4lo.kielce.eu\/index.php\/wp-json\/wp\/v2\/posts"}],"about":[{"href":"https:\/\/4lo.kielce.eu\/index.php\/wp-json\/wp\/v2\/types\/post"}],"author":[{"embeddable":true,"href":"https:\/\/4lo.kielce.eu\/index.php\/wp-json\/wp\/v2\/users\/31"}],"replies":[{"embeddable":true,"href":"https:\/\/4lo.kielce.eu\/index.php\/wp-json\/wp\/v2\/comments?post=10275"}],"version-history":[{"count":1,"href":"https:\/\/4lo.kielce.eu\/index.php\/wp-json\/wp\/v2\/posts\/10275\/revisions"}],"predecessor-version":[{"id":10285,"href":"https:\/\/4lo.kielce.eu\/index.php\/wp-json\/wp\/v2\/posts\/10275\/revisions\/10285"}],"wp:featuredmedia":[{"embeddable":true,"href":"https:\/\/4lo.kielce.eu\/index.php\/wp-json\/wp\/v2\/media\/10284"}],"wp:attachment":[{"href":"https:\/\/4lo.kielce.eu\/index.php\/wp-json\/wp\/v2\/media?parent=10275"}],"wp:term":[{"taxonomy":"category","embeddable":true,"href":"https:\/\/4lo.kielce.eu\/index.php\/wp-json\/wp\/v2\/categories?post=10275"},{"taxonomy":"post_tag","embeddable":true,"href":"https:\/\/4lo.kielce.eu\/index.php\/wp-json\/wp\/v2\/tags?post=10275"}],"curies":[{"name":"wp","href":"https:\/\/api.w.org\/{rel}","templated":true}]}}