{"id":10253,"date":"2026-09-01T21:24:24","date_gmt":"2026-09-01T19:24:24","guid":{"rendered":"https:\/\/4lo.kielce.eu\/?p=10253"},"modified":"2026-09-01T21:24:24","modified_gmt":"2026-09-01T19:24:24","slug":"kierunek-nowy-rok-szkolny","status":"publish","type":"post","link":"https:\/\/4lo.kielce.eu\/index.php\/2026\/09\/01\/kierunek-nowy-rok-szkolny\/","title":{"rendered":"KIERUNEK: NOWY ROK SZKOLNY"},"content":{"rendered":"\n<p class=\"wp-block-paragraph\">Po wakacyjnym wypoczynku uczniowie opu\u015bcili turystyczne szlaki i wybrali kierunek: NOWY ROK SZKOLNY. Dla cz\u0119\u015bci uczni\u00f3w IV LO w Kielcach 1 wrze\u015bnia 2026 roku to powr\u00f3t do znanego miejsca, \u015bwietnych koleg\u00f3w i  przyjaznych nauczycieli. Natomiast dla uczni\u00f3w klas pierwszych to kierunek w nieznane, st\u0105d niepewno\u015b\u0107 i obawy, ale i szczeg\u00f3lne powitanie w murach IV LO. <\/p>\n\n\n\n<p class=\"wp-block-paragraph\">Podczas inauguracji nowego roku szkolnego p. dyr Edyta Lato skierowa\u0142a ciep\u0142e s\u0142owa do pierwszoklasist\u00f3w i podkre\u015bli\u0142a, \u017ce szko\u0142a to miejsce, kt\u00f3re wyposa\u017ca w wiedz\u0119 i umiej\u0119tno\u015bci, ale tak\u017ce daje szans\u0119 poznania siebie, innych ludzi i \u015bwiata. Szko\u0142a to te\u017c miejsce aktywnego dzia\u0142ania i realizacji pomys\u0142\u00f3w. Nale\u017cy wi\u0119c korzysta\u0107 ze wsparcia nauczycieli i osi\u0105ga\u0107 sukcesy, bo nie zawsze dzieci i m\u0142odzie\u017c mogli si\u0119 uczy\u0107. Wojny i kataklizmy uniemo\u017cliwiaj\u0105 kszta\u0142cenie si\u0119, odbieraj\u0105 spok\u00f3j i prawo do nauki.<\/p>\n\n\n\n<p class=\"wp-block-paragraph\">Z \u017cyczeniami cudownych prze\u017cy\u0107, realizacji cel\u00f3w, wspania\u0142ych przyjaci\u00f3\u0142 uczniowie ruszyli w nowym kierunku: spotkanie z wychowawcami, kt\u00f3rzy b\u0119d\u0105 pilnowa\u0107, by ich podopieczni pod\u0105\u017cali we w\u0142a\u015bciw\u0105 stron\u0119.<\/p>\n\n\n\n<figure class=\"wp-block-image size-large is-resized\"><img loading=\"lazy\" decoding=\"async\" width=\"1024\" height=\"486\" src=\"https:\/\/4lo.kielce.eu\/wp-content\/uploads\/2026\/09\/1788290156485-1024x486.jpg\" alt=\"\" class=\"wp-image-10256\" style=\"aspect-ratio:2.107016981736623;width:826px;height:auto\" srcset=\"https:\/\/4lo.kielce.eu\/wp-content\/uploads\/2026\/09\/1788290156485-1024x486.jpg 1024w, https:\/\/4lo.kielce.eu\/wp-content\/uploads\/2026\/09\/1788290156485-300x142.jpg 300w, https:\/\/4lo.kielce.eu\/wp-content\/uploads\/2026\/09\/1788290156485-768x364.jpg 768w, https:\/\/4lo.kielce.eu\/wp-content\/uploads\/2026\/09\/1788290156485-1536x729.jpg 1536w, https:\/\/4lo.kielce.eu\/wp-content\/uploads\/2026\/09\/1788290156485-2048x971.jpg 2048w\" sizes=\"auto, (max-width: 1024px) 100vw, 1024px\" \/><\/figure>\n\n\n<figure class=\"wp-block-post-featured-image\"><img loading=\"lazy\" decoding=\"async\" width=\"240\" height=\"180\" src=\"https:\/\/4lo.kielce.eu\/wp-content\/uploads\/2026\/09\/1788289099450-1-240x180.jpg\" class=\"attachment-post-thumbnail size-post-thumbnail wp-post-image\" alt=\"\" style=\"object-fit:cover;\" \/><\/figure>","protected":false},"excerpt":{"rendered":"<p>Po wakacyjnym wypoczynku uczniowie opu\u015bcili turystyczne szlaki i wybrali kierunek: NOWY ROK SZKOLNY. Dla cz\u0119\u015bci uczni\u00f3w IV LO w Kielcach 1 wrze\u015bnia 2026 roku to powr\u00f3t do znanego miejsca, \u015bwietnych&#8230; <\/p>\n","protected":false},"author":31,"featured_media":10258,"comment_status":"closed","ping_status":"","sticky":false,"template":"","format":"standard","meta":{"footnotes":""},"categories":[1],"tags":[],"class_list":["post-10253","post","type-post","status-publish","format-standard","has-post-thumbnail","hentry","category-bez-kategorii"],"_links":{"self":[{"href":"https:\/\/4lo.kielce.eu\/index.php\/wp-json\/wp\/v2\/posts\/10253","targetHints":{"allow":["GET"]}}],"collection":[{"href":"https:\/\/4lo.kielce.eu\/index.php\/wp-json\/wp\/v2\/posts"}],"about":[{"href":"https:\/\/4lo.kielce.eu\/index.php\/wp-json\/wp\/v2\/types\/post"}],"author":[{"embeddable":true,"href":"https:\/\/4lo.kielce.eu\/index.php\/wp-json\/wp\/v2\/users\/31"}],"replies":[{"embeddable":true,"href":"https:\/\/4lo.kielce.eu\/index.php\/wp-json\/wp\/v2\/comments?post=10253"}],"version-history":[{"count":1,"href":"https:\/\/4lo.kielce.eu\/index.php\/wp-json\/wp\/v2\/posts\/10253\/revisions"}],"predecessor-version":[{"id":10259,"href":"https:\/\/4lo.kielce.eu\/index.php\/wp-json\/wp\/v2\/posts\/10253\/revisions\/10259"}],"wp:featuredmedia":[{"embeddable":true,"href":"https:\/\/4lo.kielce.eu\/index.php\/wp-json\/wp\/v2\/media\/10258"}],"wp:attachment":[{"href":"https:\/\/4lo.kielce.eu\/index.php\/wp-json\/wp\/v2\/media?parent=10253"}],"wp:term":[{"taxonomy":"category","embeddable":true,"href":"https:\/\/4lo.kielce.eu\/index.php\/wp-json\/wp\/v2\/categories?post=10253"},{"taxonomy":"post_tag","embeddable":true,"href":"https:\/\/4lo.kielce.eu\/index.php\/wp-json\/wp\/v2\/tags?post=10253"}],"curies":[{"name":"wp","href":"https:\/\/api.w.org\/{rel}","templated":true}]}}